{"id":4242,"date":"2019-09-21T15:25:18","date_gmt":"2019-09-21T13:25:18","guid":{"rendered":"https:\/\/www.psc-psoe.es\/?p=4242"},"modified":"2019-09-24T14:28:59","modified_gmt":"2019-09-24T12:28:59","slug":"representantes-socialistas-de-siete-municipios-de-cantabria-se-unen-en-polanco-para-luchar-contra-el-cambio-climatico","status":"publish","type":"post","link":"https:\/\/www.psc-psoe.es\/index.php\/2019\/09\/21\/representantes-socialistas-de-siete-municipios-de-cantabria-se-unen-en-polanco-para-luchar-contra-el-cambio-climatico\/","title":{"rendered":"Representantes socialistas de siete municipios de Cantabria se unen en Polanco para luchar contra el cambio clim\u00e1tico"},"content":{"rendered":"<p><strong>21 de septiembre de 2019. <\/strong><\/p>\n<p>Siete grupos municipales socialistas de Cantabria han decidido unirse para realizar un plan comarcal de medidas para luchar contra el cambio clim\u00e1tico. El objetivo del mismo ser\u00e1 impulsar el desarrollo sostenible y la econom\u00eda circular para conseguir que, desde las localidades m\u00e1s peque\u00f1as, se vayan implementando cambios que consigan hacer m\u00e1s sostenibles los recursos disponibles.<\/p>\n<p>Representantes socialistas de Polanco, Suances, Miengo, Torrelavega, Cartes, Reoc\u00edn y Santillana del Mar han acudido este s\u00e1bado al Pozo Tremeo, en Polanco, para poner en marcha este plan comarcal que se dividir\u00e1 en tres ejes. El primero ir\u00e1 dirigido a gestionar responsablemente los montes, bosques y otros espacios de titularidad municipal garantizando su protecci\u00f3n, expansi\u00f3n y promoci\u00f3n. La implementaci\u00f3n de este nuevo modelo de gesti\u00f3n forestal para ayuntamientos contribuir\u00e1 adem\u00e1s, seg\u00fan recoge el documento explicativo, a potenciar el empleo y la econom\u00eda a trav\u00e9s de una producci\u00f3n forestal sostenible.<\/p>\n<p>Tambi\u00e9n se tratar\u00e1 de conectar las \u00e1reas ambientalmente m\u00e1s valiosas de cada uno de estos siete municipios con mejoras en la accesibilidad o la se\u00f1al\u00e9tica en lugares de inter\u00e9s, y se comenzar\u00e1n a gestionar de forma responsable los parajes que cuenten con el sello ANEI (\u00c1rea Natural de Especial Inter\u00e9s). Estos ser\u00edan La Viesca en Torrelavega y Cartes y el Pozo Tremeo en Polanco.<\/p>\n<p>El segundo eje potenciar\u00e1 el uso del transporte p\u00fablico frente a la utilizaci\u00f3n de veh\u00edculos propios creando una red de l\u00edneas de transporte urbano comarcalizado entre Torrelavega, Cartes o Puente San Miguel, entre otros. Por otro lado, pero relacionado con el transporte, este eje buscar\u00e1 incentivar programas locales de movilidad el\u00e9ctrica y tambi\u00e9n estudiar\u00e1 profundamente las conexiones intermunicipales para lanzar redes de movilidad ciclista.<\/p>\n<p>Por \u00faltimo, el tercer eje trata las medidas fiscales a partir de la creaci\u00f3n de programas anuales de subvenci\u00f3n por la instalaci\u00f3n de sistemas de aprovechamiento energ\u00e9tico sostenible en los inmuebles. Adem\u00e1s se establecer\u00e1n bonificaciones fiscales en el Impuesto de Circulaci\u00f3n de Veh\u00edculos a Motor para todos los veh\u00edculos el\u00e9ctricos o h\u00edbridos de bajo consumo.<\/p>\n<p>Desde todas las agrupaciones se ha enfatizado la idea de que la lucha contra el cambio clim\u00e1tico no es solo un proceso viable y necesario desde el punto de vista social y ambiental, sino que tambi\u00e9n es viable y conveniente desde el punto de vista econ\u00f3mico. \u201cCreemos imprescindible acelerar una transici\u00f3n ecol\u00f3gica en nuestra econom\u00eda y en nuestros comportamientos\u201d, han se\u00f1alado.<\/p>\n<p>Todas estas medidas comenzar\u00e1n a implementarse progresivamente por los siete grupos socialistas desde este mismo s\u00e1bado.<\/p>\n<p><strong><u>Elecci\u00f3n del Pozo Tremeo<\/u><\/strong><\/p>\n<p>La agrupaci\u00f3n socialista de Polanco ha aprovechado la ocasi\u00f3n para realizar una ruta por los alrededores del Pozo Tremeo con vecinos, vecinas y visitantes. Durante el recorrido, tanto el portavoz del grupo socialista, Rub\u00e9n Garc\u00eda, como el concejal socialista Gonzalo Fern\u00e1ndez, han ido explicando las peculiaridades de este pozo que ha sido elegido con mimo para dar comienzo a esta nueva etapa m\u00e1s sostenible y cooperativa entre municipios.<\/p>\n<p>El Pozo Tremeo, en Polanco, es un lago natural del litoral de la costa c\u00e1ntabra que se form\u00f3 hace millones de a\u00f1os al crearse una cavidad debajo de \u00e9l y derrumbarse el techo. Tiene una profundidad de 12 metros y tiene la peculiaridad de tener agua dulce en los cuatro primeros metros de profundidad, y agua salada en los ocho restantes, por esta raz\u00f3n cuenta con dos ecosistemas completamente diferentes.<\/p>\n<p>Este lugar posee el sello de \u00c1rea Natural de Especial Inter\u00e9s (ANEI) desde diciembre de 2016, cuando lo consiguieron tambi\u00e9n la cueva de El Pendo, en Camargo, y el parque de La Viesca en Torrelavega y Cartes. <\/p>\n","protected":false},"excerpt":{"rendered":"<p>21 de septiembre de 2019. Siete grupos municipales socialistas de Cantabria han decidido unirse para realizar un plan comarcal de medidas para luchar contra el cambio clim\u00e1tico. El objetivo del mismo ser\u00e1 impulsar el desarrollo sostenible y la econom\u00eda circular para conseguir que, desde las localidades m\u00e1s peque\u00f1as, se vayan implementando cambios que consigan hacer [&hellip;]<\/p>\n","protected":false},"author":1,"featured_media":4243,"comment_status":"open","ping_status":"closed","sticky":false,"template":"","format":"standard","meta":{"tdm_status":"","tdm_grid_status":"","footnotes":""},"categories":[21,33,35,6,25],"tags":[185,186,187],"class_list":["post-4242","post","type-post","status-publish","format-standard","has-post-thumbnail","hentry","category-torrelavega","category-besaya","category-saja-nansa","category-agrupaciones","category-actualidad","tag-polanco","tag-cambio-climatico","tag-pozo-tremeo"],"_links":{"self":[{"href":"https:\/\/www.psc-psoe.es\/index.php\/wp-json\/wp\/v2\/posts\/4242","targetHints":{"allow":["GET"]}}],"collection":[{"href":"https:\/\/www.psc-psoe.es\/index.php\/wp-json\/wp\/v2\/posts"}],"about":[{"href":"https:\/\/www.psc-psoe.es\/index.php\/wp-json\/wp\/v2\/types\/post"}],"author":[{"embeddable":true,"href":"https:\/\/www.psc-psoe.es\/index.php\/wp-json\/wp\/v2\/users\/1"}],"replies":[{"embeddable":true,"href":"https:\/\/www.psc-psoe.es\/index.php\/wp-json\/wp\/v2\/comments?post=4242"}],"version-history":[{"count":0,"href":"https:\/\/www.psc-psoe.es\/index.php\/wp-json\/wp\/v2\/posts\/4242\/revisions"}],"wp:featuredmedia":[{"embeddable":true,"href":"https:\/\/www.psc-psoe.es\/index.php\/wp-json\/wp\/v2\/media\/4243"}],"wp:attachment":[{"href":"https:\/\/www.psc-psoe.es\/index.php\/wp-json\/wp\/v2\/media?parent=4242"}],"wp:term":[{"taxonomy":"category","embeddable":true,"href":"https:\/\/www.psc-psoe.es\/index.php\/wp-json\/wp\/v2\/categories?post=4242"},{"taxonomy":"post_tag","embeddable":true,"href":"https:\/\/www.psc-psoe.es\/index.php\/wp-json\/wp\/v2\/tags?post=4242"}],"curies":[{"name":"wp","href":"https:\/\/api.w.org\/{rel}","templated":true}]}}