{"id":4222,"date":"2019-09-14T16:00:06","date_gmt":"2019-09-14T14:00:06","guid":{"rendered":"https:\/\/www.psc-psoe.es\/?p=4222"},"modified":"2019-09-14T16:00:07","modified_gmt":"2019-09-14T14:00:07","slug":"medio-centenar-de-socialistas-participan-en-la-escuela-de-politica-local-del-psoe","status":"publish","type":"post","link":"https:\/\/www.psc-psoe.es\/index.php\/2019\/09\/14\/medio-centenar-de-socialistas-participan-en-la-escuela-de-politica-local-del-psoe\/","title":{"rendered":"Medio centenar de socialistas participan en la escuela de pol\u00edtica local del PSOE"},"content":{"rendered":"<p><strong>14 de septiembre de 2019<\/strong><\/p>\n<p>La primera jornada de formaci\u00f3n de la escuela de pol\u00edtica local del PSOE ha reunido a medio centenar de participantes en las aulas del IES Montesclaros de Reinosa.<\/p>\n<p>Cargos p\u00fablicos y representantes municipales socialistas han asistido a tres sesiones para mejorar sus competencias en pol\u00edtica local y comunicaci\u00f3n. Eduardo Echevarr\u00eda ha trasladado su veterana experiencia como alcalde en la ponencia &#8216;Buenas pr\u00e1cticas en pol\u00edtica local&#8217;, y el letrado Manuel Castro ha abordado los derechos de los miembros de las corporaciones locales. La jornada ha concluido con una sesi\u00f3n dedicada a adquirir competencias en comunicaci\u00f3n.<\/p>\n<p>&#8220;Queremos formar el mejor equipo de pol\u00edticos de Cantabria. Queremos un partido fuerte con militantes competentes y formados&#8221;, ha afirmado la secretaria de Organizaci\u00f3n del PSOE, Noelia Cobo, en la inauguraci\u00f3n de esta escuela.<\/p>\n<p>La secretaria de Organizaci\u00f3n del PSOE Cantabria ha anunciado que la\u00a0experiencia formativa de la escuela se trasladar\u00e1 en breve a otros puntos de la comunidad: Castro Urdiales y Torrelavega.<\/p>\n<p>&#8220;Uno de nuestros compromisos es descentralizar el partido y atender a todo el territorio, y estas jornadas reivindican ese contacto permanente con todas y cada una de las agrupaciones locales&#8221;, ha declarado.<\/p>\n<p>Cobo ha explicado que para el PSOE de Cantabria &#8220;es una prioridad apoyar a nuestros representantes municipales para formar equipos eficientes con capacidad de gesti\u00f3n y comunicaci\u00f3n&#8221;.<\/p>\n<figure id=\"attachment_4227\" aria-describedby=\"caption-attachment-4227\" style=\"width: 696px\" class=\"wp-caption alignnone\"><a href=\"https:\/\/www.psc-psoe.es\/index.php\/2019\/09\/14\/medio-centenar-de-socialistas-participan-en-la-escuela-de-politica-local-del-psoe\/asistentes-a-la-escuela-de-politica-local-2\/\" rel=\"attachment wp-att-4227\"><img loading=\"lazy\" decoding=\"async\" class=\"size-large wp-image-4227\" src=\"https:\/\/www.psc-psoe.es\/wp-content\/uploads\/2019\/09\/Asistentes-a-la-escuela-de-pol\u00edtica-local-1024x614.jpg\" alt=\"\" width=\"696\" height=\"417\" srcset=\"https:\/\/www.psc-psoe.es\/wp-content\/uploads\/2019\/09\/Asistentes-a-la-escuela-de-pol\u00edtica-local-1024x614.jpg 1024w, https:\/\/www.psc-psoe.es\/wp-content\/uploads\/2019\/09\/Asistentes-a-la-escuela-de-pol\u00edtica-local-300x180.jpg 300w, https:\/\/www.psc-psoe.es\/wp-content\/uploads\/2019\/09\/Asistentes-a-la-escuela-de-pol\u00edtica-local-768x461.jpg 768w, https:\/\/www.psc-psoe.es\/wp-content\/uploads\/2019\/09\/Asistentes-a-la-escuela-de-pol\u00edtica-local-696x418.jpg 696w, https:\/\/www.psc-psoe.es\/wp-content\/uploads\/2019\/09\/Asistentes-a-la-escuela-de-pol\u00edtica-local-1068x641.jpg 1068w, https:\/\/www.psc-psoe.es\/wp-content\/uploads\/2019\/09\/Asistentes-a-la-escuela-de-pol\u00edtica-local-700x420.jpg 700w, https:\/\/www.psc-psoe.es\/wp-content\/uploads\/2019\/09\/Asistentes-a-la-escuela-de-pol\u00edtica-local.jpg 1595w\" sizes=\"auto, (max-width: 696px) 100vw, 696px\" \/><\/a><figcaption id=\"caption-attachment-4227\" class=\"wp-caption-text\">Escuela de pol\u00edtica local<\/figcaption><\/figure>\n","protected":false},"excerpt":{"rendered":"<p>14 de septiembre de 2019 La primera jornada de formaci\u00f3n de la escuela de pol\u00edtica local del PSOE ha reunido a medio centenar de participantes en las aulas del IES Montesclaros de Reinosa. Cargos p\u00fablicos y representantes municipales socialistas han asistido a tres sesiones para mejorar sus competencias en pol\u00edtica local y comunicaci\u00f3n. Eduardo Echevarr\u00eda [&hellip;]<\/p>\n","protected":false},"author":1,"featured_media":4223,"comment_status":"open","ping_status":"closed","sticky":false,"template":"","format":"standard","meta":{"tdm_status":"","tdm_grid_status":"","footnotes":""},"categories":[14,58,6,25],"tags":[166,168,178],"class_list":["post-4222","post","type-post","status-publish","format-standard","has-post-thumbnail","hentry","category-notas-de-prensa","category-todas","category-agrupaciones","category-actualidad","tag-escuela-de-politica-local","tag-formacion","tag-reinosa"],"_links":{"self":[{"href":"https:\/\/www.psc-psoe.es\/index.php\/wp-json\/wp\/v2\/posts\/4222","targetHints":{"allow":["GET"]}}],"collection":[{"href":"https:\/\/www.psc-psoe.es\/index.php\/wp-json\/wp\/v2\/posts"}],"about":[{"href":"https:\/\/www.psc-psoe.es\/index.php\/wp-json\/wp\/v2\/types\/post"}],"author":[{"embeddable":true,"href":"https:\/\/www.psc-psoe.es\/index.php\/wp-json\/wp\/v2\/users\/1"}],"replies":[{"embeddable":true,"href":"https:\/\/www.psc-psoe.es\/index.php\/wp-json\/wp\/v2\/comments?post=4222"}],"version-history":[{"count":0,"href":"https:\/\/www.psc-psoe.es\/index.php\/wp-json\/wp\/v2\/posts\/4222\/revisions"}],"wp:featuredmedia":[{"embeddable":true,"href":"https:\/\/www.psc-psoe.es\/index.php\/wp-json\/wp\/v2\/media\/4223"}],"wp:attachment":[{"href":"https:\/\/www.psc-psoe.es\/index.php\/wp-json\/wp\/v2\/media?parent=4222"}],"wp:term":[{"taxonomy":"category","embeddable":true,"href":"https:\/\/www.psc-psoe.es\/index.php\/wp-json\/wp\/v2\/categories?post=4222"},{"taxonomy":"post_tag","embeddable":true,"href":"https:\/\/www.psc-psoe.es\/index.php\/wp-json\/wp\/v2\/tags?post=4222"}],"curies":[{"name":"wp","href":"https:\/\/api.w.org\/{rel}","templated":true}]}}