{"id":4218,"date":"2019-09-13T10:20:11","date_gmt":"2019-09-13T08:20:11","guid":{"rendered":"https:\/\/www.psc-psoe.es\/?p=4218"},"modified":"2019-09-13T10:20:11","modified_gmt":"2019-09-13T08:20:11","slug":"constituido-en-el-senado-el-grupo-territorial-socialistas-de-cantabria","status":"publish","type":"post","link":"https:\/\/www.psc-psoe.es\/index.php\/2019\/09\/13\/constituido-en-el-senado-el-grupo-territorial-socialistas-de-cantabria\/","title":{"rendered":"Constituido en el Senado el Grupo Territorial &#8216;Socialistas de Cantabria&#8217;"},"content":{"rendered":"<p style=\"text-align: justify;\"><strong>\u00a0<\/strong><u>M<\/u><u>adrid, 13 de septiembre de 2019.<\/u>&#8211; Dentro del Grupo Parlamentario Socialista en la C\u00e1mara Alta, ha quedado constituido este mi\u00e9rcoles en el Senado el <strong>Grupo Territorial \u201cSocialistas de Cantabria\u201d<\/strong>, que contar\u00e1 con un total de tres miembros.<\/p>\n<p style=\"text-align: justify;\"><strong>Maria Isabel Fern\u00e1ndez <\/strong>ser\u00e1 la coordinadora del Grupo y <strong>Gustavo Garcia <\/strong>actuar\u00e1 como suplente y tambi\u00e9n formar\u00e1 parte del mismo, <strong>Roc\u00edo R\u00e1bago. <\/strong><\/p>\n<p style=\"text-align: justify;\"><strong>\u00a0<\/strong>Una vez constituido el Grupo, Isabel Fern\u00e1ndez Guti\u00e9rrez ha mostrado su satisfacci\u00f3n por la creaci\u00f3n del mismo y ha hecho hincapi\u00e9 en que \u201clos socialistas queremos que el Senado se haga eco y convierta en suyos los problemas de los c\u00e1ntabros<strong>\u201d. <\/strong><\/p>\n<p style=\"text-align: justify;\">\u201cCon la creaci\u00f3n del grupo territorial, Cantabria tendr\u00e1 visibilidad y voz propia en la C\u00e1mara Alta, lo que implica un progreso significativo en la defensa de los intereses de nuestro territorio\u201d, ha subrayado.<\/p>\n<p style=\"text-align: justify;\">La constituci\u00f3n de los grupos territoriales est\u00e1 prevista en el art\u00edculo 32.1 del Reglamento del Senado, seg\u00fan el cual \u201cdentro de los grupos parlamentarios que se compongan de senadores elegidos en el territorio o por las asambleas legislativas u \u00f3rganos colegiados superiores de dos o m\u00e1s Comunidades Aut\u00f3nomas, podr\u00e1n constituirse grupos territoriales\u201d.<\/p>\n<p style=\"text-align: justify;\">Adem\u00e1s y seg\u00fan el art\u00edculo 32.2 del citado reglamento, \u201ccada grupo territorial estar\u00e1 integrado, al menos, de tres senadores elegidos por el electorado del territorio designado por la asamblea legislativa u \u00f3rgano colegiado superior de la Comunidad Aut\u00f3noma respectiva\u201d.<\/p>\n<p style=\"text-align: justify;\">Por \u00faltimo, y en lo referente a su participaci\u00f3n en las sesiones plenarias, el art\u00edculo 85 establece que \u201cen los debates del Pleno de la C\u00e1mara sobre cuestiones que afecten de modo especial a una o m\u00e1s Comunidades Aut\u00f3nomas, el Presidente, de acuerdo con los Portavoces de los Grupos parlamentarios respectivos, ampliar\u00e1 el n\u00famero de turnos de Portavoces fijado en cada caso por el Reglamento a efectos de que puedan intervenir los representantes de los Grupos Territoriales afectados\u201d.<\/p>\n","protected":false},"excerpt":{"rendered":"<p>\u00a0Madrid, 13 de septiembre de 2019.&#8211; Dentro del Grupo Parlamentario Socialista en la C\u00e1mara Alta, ha quedado constituido este mi\u00e9rcoles en el Senado el Grupo Territorial \u201cSocialistas de Cantabria\u201d, que contar\u00e1 con un total de tres miembros. Maria Isabel Fern\u00e1ndez ser\u00e1 la coordinadora del Grupo y Gustavo Garcia actuar\u00e1 como suplente y tambi\u00e9n formar\u00e1 parte [&hellip;]<\/p>\n","protected":false},"author":1,"featured_media":4219,"comment_status":"open","ping_status":"closed","sticky":false,"template":"","format":"standard","meta":{"tdm_status":"","tdm_grid_status":"","footnotes":""},"categories":[14,24,25],"tags":[175,176,177],"class_list":["post-4218","post","type-post","status-publish","format-standard","has-post-thumbnail","hentry","category-notas-de-prensa","category-partido","category-actualidad","tag-senado","tag-socialistas","tag-cantabria"],"_links":{"self":[{"href":"https:\/\/www.psc-psoe.es\/index.php\/wp-json\/wp\/v2\/posts\/4218","targetHints":{"allow":["GET"]}}],"collection":[{"href":"https:\/\/www.psc-psoe.es\/index.php\/wp-json\/wp\/v2\/posts"}],"about":[{"href":"https:\/\/www.psc-psoe.es\/index.php\/wp-json\/wp\/v2\/types\/post"}],"author":[{"embeddable":true,"href":"https:\/\/www.psc-psoe.es\/index.php\/wp-json\/wp\/v2\/users\/1"}],"replies":[{"embeddable":true,"href":"https:\/\/www.psc-psoe.es\/index.php\/wp-json\/wp\/v2\/comments?post=4218"}],"version-history":[{"count":0,"href":"https:\/\/www.psc-psoe.es\/index.php\/wp-json\/wp\/v2\/posts\/4218\/revisions"}],"wp:featuredmedia":[{"embeddable":true,"href":"https:\/\/www.psc-psoe.es\/index.php\/wp-json\/wp\/v2\/media\/4219"}],"wp:attachment":[{"href":"https:\/\/www.psc-psoe.es\/index.php\/wp-json\/wp\/v2\/media?parent=4218"}],"wp:term":[{"taxonomy":"category","embeddable":true,"href":"https:\/\/www.psc-psoe.es\/index.php\/wp-json\/wp\/v2\/categories?post=4218"},{"taxonomy":"post_tag","embeddable":true,"href":"https:\/\/www.psc-psoe.es\/index.php\/wp-json\/wp\/v2\/tags?post=4218"}],"curies":[{"name":"wp","href":"https:\/\/api.w.org\/{rel}","templated":true}]}}