{"id":4213,"date":"2019-09-12T15:38:28","date_gmt":"2019-09-12T13:38:28","guid":{"rendered":"https:\/\/www.psc-psoe.es\/?p=4213"},"modified":"2019-09-12T15:38:28","modified_gmt":"2019-09-12T13:38:28","slug":"el-psoe-de-cantabria-imparte-el-sabado-en-reinosa-la-primera-jornada-formativa-de-su-escuela-de-politica-local","status":"publish","type":"post","link":"https:\/\/www.psc-psoe.es\/index.php\/2019\/09\/12\/el-psoe-de-cantabria-imparte-el-sabado-en-reinosa-la-primera-jornada-formativa-de-su-escuela-de-politica-local\/","title":{"rendered":"El PSOE de Cantabria imparte el s\u00e1bado en Reinosa la primera jornada formativa de su escuela de pol\u00edtica local"},"content":{"rendered":"<p><strong>Santander, 12 de septiembre de 2019<\/strong>.<\/p>\n<p>El PSOE de Cantabria inaugura este s\u00e1bado en Reinosa su escuela de pol\u00edtica local, una de las tres jornadas de formaci\u00f3n programadas para que los cargos p\u00fablicos y representantes socialistas de los ayuntamientos de Cantabria adquieran competencias en pol\u00edtica local y comunicaci\u00f3n.<\/p>\n<p>\u201cEl objetivo de esta escuela -explica la secretaria de Organizaci\u00f3n del PSOE de Cantabria, Noelia Cobo \u201ces formar a nuestros pol\u00edticos en cuestiones fundamentales como las buenas pr\u00e1cticas a la hora de gobernar o c\u00f3mo ejercer una oposici\u00f3n constructiva y eficaz\u201d.<\/p>\n<p>Los asistentes recibir\u00e1n informaci\u00f3n sobre sus derechos y obligaciones como representantes pol\u00edticos y aprender\u00e1n algunas claves sobre c\u00f3mo convertir la acci\u00f3n pol\u00edtica en contenidos. Formaci\u00f3n que supone \u201campliar el conocimiento y las habilidades de los socialistas que trabajan en \u00e1reas municipales para mejorar su capacidad de defender y liderar los intereses de los ciudadanos\u201d, afirma Cobo.<\/p>\n<p>La primera jornada formativa de la escuela de pol\u00edtica local se imparte el s\u00e1bado en Reinosa. A partir de las nueve y media de la ma\u00f1ana se inicia la primera sesi\u00f3n sobre buenas pr\u00e1cticas en pol\u00edtica local a cargo de Eduardo Echevarr\u00eda, presidente del PSOE de Cantabria. A las diez y media el asesor jur\u00eddico del PSOE Cantabria, el letrado Manuel Castro, hablar\u00e1 sobre los derechos de los\/las miembros de las corporaciones locales.<\/p>\n<p>La segunda parte de la jornada ir\u00e1 dedicada a avanzar algunas claves sobre comunicaci\u00f3n de la pol\u00edtica local.<\/p>\n<p>La experiencia formativa de la escuela se trasladar\u00e1 en breve a otros puntos de la comunidad. \u201cPara el PSOE de Cantabria es una prioridad apoyar a nuestros representantes municipales para formar equipos eficientes con capacidad de gesti\u00f3n y comunicaci\u00f3n\u201d, concluye la secretaria de organizaci\u00f3n del partido. <\/p>\n","protected":false},"excerpt":{"rendered":"<p>Santander, 12 de septiembre de 2019. El PSOE de Cantabria inaugura este s\u00e1bado en Reinosa su escuela de pol\u00edtica local, una de las tres jornadas de formaci\u00f3n programadas para que los cargos p\u00fablicos y representantes socialistas de los ayuntamientos de Cantabria adquieran competencias en pol\u00edtica local y comunicaci\u00f3n. \u201cEl objetivo de esta escuela -explica la [&hellip;]<\/p>\n","protected":false},"author":1,"featured_media":4215,"comment_status":"open","ping_status":"closed","sticky":false,"template":"","format":"standard","meta":{"tdm_status":"","tdm_grid_status":"","footnotes":""},"categories":[14,24,58],"tags":[166,168],"class_list":["post-4213","post","type-post","status-publish","format-standard","has-post-thumbnail","hentry","category-notas-de-prensa","category-partido","category-todas","tag-escuela-de-politica-local","tag-formacion"],"_links":{"self":[{"href":"https:\/\/www.psc-psoe.es\/index.php\/wp-json\/wp\/v2\/posts\/4213","targetHints":{"allow":["GET"]}}],"collection":[{"href":"https:\/\/www.psc-psoe.es\/index.php\/wp-json\/wp\/v2\/posts"}],"about":[{"href":"https:\/\/www.psc-psoe.es\/index.php\/wp-json\/wp\/v2\/types\/post"}],"author":[{"embeddable":true,"href":"https:\/\/www.psc-psoe.es\/index.php\/wp-json\/wp\/v2\/users\/1"}],"replies":[{"embeddable":true,"href":"https:\/\/www.psc-psoe.es\/index.php\/wp-json\/wp\/v2\/comments?post=4213"}],"version-history":[{"count":0,"href":"https:\/\/www.psc-psoe.es\/index.php\/wp-json\/wp\/v2\/posts\/4213\/revisions"}],"wp:featuredmedia":[{"embeddable":true,"href":"https:\/\/www.psc-psoe.es\/index.php\/wp-json\/wp\/v2\/media\/4215"}],"wp:attachment":[{"href":"https:\/\/www.psc-psoe.es\/index.php\/wp-json\/wp\/v2\/media?parent=4213"}],"wp:term":[{"taxonomy":"category","embeddable":true,"href":"https:\/\/www.psc-psoe.es\/index.php\/wp-json\/wp\/v2\/categories?post=4213"},{"taxonomy":"post_tag","embeddable":true,"href":"https:\/\/www.psc-psoe.es\/index.php\/wp-json\/wp\/v2\/tags?post=4213"}],"curies":[{"name":"wp","href":"https:\/\/api.w.org\/{rel}","templated":true}]}}