{"id":4209,"date":"2019-09-12T12:08:00","date_gmt":"2019-09-12T10:08:00","guid":{"rendered":"https:\/\/www.psc-psoe.es\/?p=4209"},"modified":"2019-09-12T12:08:00","modified_gmt":"2019-09-12T10:08:00","slug":"la-ejecutiva-del-psoe-de-cantabria-muestra-su-apoyo-a-pedro-sanchez-en-la-negociacion-de-un-gobierno-progresista-para-espana","status":"publish","type":"post","link":"https:\/\/www.psc-psoe.es\/index.php\/2019\/09\/12\/la-ejecutiva-del-psoe-de-cantabria-muestra-su-apoyo-a-pedro-sanchez-en-la-negociacion-de-un-gobierno-progresista-para-espana\/","title":{"rendered":"La Ejecutiva del PSOE de Cantabria muestra su apoyo a Pedro S\u00e1nchez en la negociaci\u00f3n de un gobierno progresista para Espa\u00f1a"},"content":{"rendered":"<p><strong>Santander, 12 de septiembre de 2019<\/strong>.<\/p>\n<p>La Ejecutiva del PSOE de Cantabria ha cerrado filas con el presidente Pedro S\u00e1nchez, a quien ha mostrado el apoyo total de los socialistas c\u00e1ntabros a los pasos que est\u00e1 dando para conseguir un gobierno progresista en Espa\u00f1a.<\/p>\n<p>El secretario general de los socialistas c\u00e1ntabros llevar\u00e1 la postura de los miembros de la Ejecutiva al comit\u00e9 pol\u00edtico territorial del PSOE que se celebra el s\u00e1bado, al que acudir\u00e1 Pablo Zuloaga junto al resto de secretarios generales del partido.<\/p>\n<p>Asimismo, Zuloaga ha trasladado al \u00f3rgano directivo las l\u00edneas estrat\u00e9gicas y los primeros pasos de la gesti\u00f3n que est\u00e1n llevando a cabo la vicepresidencia y las consejer\u00edas en el gobierno c\u00e1ntabro.<\/p>\n<p>Un trabajo que el secretario general de los socialistas c\u00e1ntabros explicar\u00e1 a los militantes del partido en una pr\u00f3xima ronda de asambleas que se iniciar\u00e1n pr\u00f3ximamente. <\/p>\n","protected":false},"excerpt":{"rendered":"<p>Santander, 12 de septiembre de 2019. La Ejecutiva del PSOE de Cantabria ha cerrado filas con el presidente Pedro S\u00e1nchez, a quien ha mostrado el apoyo total de los socialistas c\u00e1ntabros a los pasos que est\u00e1 dando para conseguir un gobierno progresista en Espa\u00f1a. El secretario general de los socialistas c\u00e1ntabros llevar\u00e1 la postura de [&hellip;]<\/p>\n","protected":false},"author":1,"featured_media":4212,"comment_status":"open","ping_status":"closed","sticky":false,"template":"","format":"standard","meta":{"tdm_status":"","tdm_grid_status":"","footnotes":""},"categories":[14,24,58,25],"tags":[162,172,173,174],"class_list":["post-4209","post","type-post","status-publish","format-standard","has-post-thumbnail","hentry","category-notas-de-prensa","category-partido","category-todas","category-actualidad","tag-pedro-sanchez","tag-reunion","tag-cer","tag-comite-ejecutivo-regional"],"_links":{"self":[{"href":"https:\/\/www.psc-psoe.es\/index.php\/wp-json\/wp\/v2\/posts\/4209","targetHints":{"allow":["GET"]}}],"collection":[{"href":"https:\/\/www.psc-psoe.es\/index.php\/wp-json\/wp\/v2\/posts"}],"about":[{"href":"https:\/\/www.psc-psoe.es\/index.php\/wp-json\/wp\/v2\/types\/post"}],"author":[{"embeddable":true,"href":"https:\/\/www.psc-psoe.es\/index.php\/wp-json\/wp\/v2\/users\/1"}],"replies":[{"embeddable":true,"href":"https:\/\/www.psc-psoe.es\/index.php\/wp-json\/wp\/v2\/comments?post=4209"}],"version-history":[{"count":0,"href":"https:\/\/www.psc-psoe.es\/index.php\/wp-json\/wp\/v2\/posts\/4209\/revisions"}],"wp:featuredmedia":[{"embeddable":true,"href":"https:\/\/www.psc-psoe.es\/index.php\/wp-json\/wp\/v2\/media\/4212"}],"wp:attachment":[{"href":"https:\/\/www.psc-psoe.es\/index.php\/wp-json\/wp\/v2\/media?parent=4209"}],"wp:term":[{"taxonomy":"category","embeddable":true,"href":"https:\/\/www.psc-psoe.es\/index.php\/wp-json\/wp\/v2\/categories?post=4209"},{"taxonomy":"post_tag","embeddable":true,"href":"https:\/\/www.psc-psoe.es\/index.php\/wp-json\/wp\/v2\/tags?post=4209"}],"curies":[{"name":"wp","href":"https:\/\/api.w.org\/{rel}","templated":true}]}}