{"id":4166,"date":"2019-08-28T12:49:14","date_gmt":"2019-08-28T10:49:14","guid":{"rendered":"https:\/\/www.psc-psoe.es\/?p=4166"},"modified":"2019-08-28T12:50:10","modified_gmt":"2019-08-28T10:50:10","slug":"el-psoe-llena-el-ayuntamiento-de-valderredible-en-una-conferencia-sobre-la-guerra-civil","status":"publish","type":"post","link":"https:\/\/www.psc-psoe.es\/index.php\/2019\/08\/28\/el-psoe-llena-el-ayuntamiento-de-valderredible-en-una-conferencia-sobre-la-guerra-civil\/","title":{"rendered":"El PSOE llena el Ayuntamiento de Valderredible en una conferencia sobre la Guerra Civil"},"content":{"rendered":"<p><strong>Santander, 28 de agosto de 2019<\/strong>.<\/p>\n<p>El sal\u00f3n de actos del Ayuntamiento de Valderredible, en Polientes, acogi\u00f3 el pasado s\u00e1bado desde las 20.00 horas la ponencia \u2018La Guerra Civil en Valderredible\u2019, impartida por el profesor de Historia Fernando Obreg\u00f3n Goyarrola.<\/p>\n<p>El acto, organizado por la Agrupaci\u00f3n Socialista de Valderredible y apoyado por el PSOE de Cantabria, tuvo como objetivo explicar el papel fundamental que tuvo el municipio al comienzo de la Guerra Civil, cuando el valle se convirti\u00f3 en la primera l\u00ednea del conocido como \u2018Frente del Norte\u2019, es decir, aquellos lugares de la Cordillera Cant\u00e1brica donde la sublevaci\u00f3n fracas\u00f3.<\/p>\n<figure id=\"attachment_4169\" aria-describedby=\"caption-attachment-4169\" style=\"width: 431px\" class=\"wp-caption aligncenter\"><img loading=\"lazy\" decoding=\"async\" class=\" wp-image-4169\" src=\"https:\/\/www.psc-psoe.es\/wp-content\/uploads\/2019\/08\/WhatsApp-Image-2019-08-25-at-16.36.44-300x225.jpeg\" alt=\"\" width=\"431\" height=\"323\" srcset=\"https:\/\/www.psc-psoe.es\/wp-content\/uploads\/2019\/08\/WhatsApp-Image-2019-08-25-at-16.36.44-300x225.jpeg 300w, https:\/\/www.psc-psoe.es\/wp-content\/uploads\/2019\/08\/WhatsApp-Image-2019-08-25-at-16.36.44-768x576.jpeg 768w, https:\/\/www.psc-psoe.es\/wp-content\/uploads\/2019\/08\/WhatsApp-Image-2019-08-25-at-16.36.44.jpeg 1024w, https:\/\/www.psc-psoe.es\/wp-content\/uploads\/2019\/08\/WhatsApp-Image-2019-08-25-at-16.36.44-80x60.jpeg 80w, https:\/\/www.psc-psoe.es\/wp-content\/uploads\/2019\/08\/WhatsApp-Image-2019-08-25-at-16.36.44-265x198.jpeg 265w, https:\/\/www.psc-psoe.es\/wp-content\/uploads\/2019\/08\/WhatsApp-Image-2019-08-25-at-16.36.44-696x522.jpeg 696w, https:\/\/www.psc-psoe.es\/wp-content\/uploads\/2019\/08\/WhatsApp-Image-2019-08-25-at-16.36.44-560x420.jpeg 560w\" sizes=\"auto, (max-width: 431px) 100vw, 431px\" \/><figcaption id=\"caption-attachment-4169\" class=\"wp-caption-text\">Mario Iglesias, Zoraida Hijosa y Fernando Obreg\u00f3n<\/figcaption><\/figure>\n<p>Apoyado por la secretaria de Administraci\u00f3n, Acci\u00f3n Electoral y Programas, Zoraida Hijosa, y por el director General de Deportes, Mario Iglesias, Obreg\u00f3n expuso la situaci\u00f3n de Valderredible desde antes del comienzo de la Segunda Rep\u00fablica. De esta forma, el experto, fue desgranando c\u00f3mo vivieron la guerra los m\u00e1s de 7.000 habitantes que hab\u00eda por entonces en el valle.<\/p>\n<p>En un sal\u00f3n de actos abarrotado, Obreg\u00f3n fue trasladando an\u00e9cdotas a los asistentes que les sirviesen para entender que, a pesar de que Valderredible no fuese un lugar \u201ccaracterizado por tener una tensi\u00f3n especial\u201d, tambi\u00e9n vivi\u00f3 la guerra de forma \u201cdura e intensa\u201d. An\u00e9cdotas como que la primera Agrupaci\u00f3n Socialista del Valle se fund\u00f3 en Ruerrero: \u201cYa exist\u00eda en algunos puntos de Cantabria, pero sobre todo ligado a zonas mineras e industriales\u201d, aclar\u00f3 Obreg\u00f3n.<\/p>\n<p>El experto tambi\u00e9n revel\u00f3 curiosidades sobre la ocupaci\u00f3n de Valderredible por las milicias de la CNT de Santander en los primeros meses de la guerra, o sobre la important\u00edsima figura del torrelaveguense Eloy Fern\u00e1ndez Navamuel, militar y aviador del bando republicano que estuvo al mando del sector de Campo\u00f3 y Valderredible.<\/p>\n<p>Durante toda la comparecencia, Obreg\u00f3n Goyarrola insisti\u00f3 en la importancia de saber qu\u00e9 ocurri\u00f3 en cada uno de los casos de personas que desaparecieron y en lo necesario de la memoria hist\u00f3rica. \u201cEs una herida que despu\u00e9s de 80 a\u00f1os sigue estando ah\u00ed, porque separ\u00f3 todo y a todos: a la Guardia Civil, al Ej\u00e9rcito, a los vecinos, a los amigos\u2026 y hasta a la familia\u201d, concluy\u00f3 el profesor. <\/p>\n","protected":false},"excerpt":{"rendered":"<p>Santander, 28 de agosto de 2019. El sal\u00f3n de actos del Ayuntamiento de Valderredible, en Polientes, acogi\u00f3 el pasado s\u00e1bado desde las 20.00 horas la ponencia \u2018La Guerra Civil en Valderredible\u2019, impartida por el profesor de Historia Fernando Obreg\u00f3n Goyarrola. El acto, organizado por la Agrupaci\u00f3n Socialista de Valderredible y apoyado por el PSOE de [&hellip;]<\/p>\n","protected":false},"author":1,"featured_media":4172,"comment_status":"open","ping_status":"closed","sticky":false,"template":"","format":"standard","meta":{"tdm_status":"","tdm_grid_status":"","footnotes":""},"categories":[37,6,25],"tags":[158,159,160],"class_list":["post-4166","post","type-post","status-publish","format-standard","has-post-thumbnail","hentry","category-campoo","category-agrupaciones","category-actualidad","tag-valderredible","tag-guerra-civil","tag-memoria-historica"],"_links":{"self":[{"href":"https:\/\/www.psc-psoe.es\/index.php\/wp-json\/wp\/v2\/posts\/4166","targetHints":{"allow":["GET"]}}],"collection":[{"href":"https:\/\/www.psc-psoe.es\/index.php\/wp-json\/wp\/v2\/posts"}],"about":[{"href":"https:\/\/www.psc-psoe.es\/index.php\/wp-json\/wp\/v2\/types\/post"}],"author":[{"embeddable":true,"href":"https:\/\/www.psc-psoe.es\/index.php\/wp-json\/wp\/v2\/users\/1"}],"replies":[{"embeddable":true,"href":"https:\/\/www.psc-psoe.es\/index.php\/wp-json\/wp\/v2\/comments?post=4166"}],"version-history":[{"count":0,"href":"https:\/\/www.psc-psoe.es\/index.php\/wp-json\/wp\/v2\/posts\/4166\/revisions"}],"wp:featuredmedia":[{"embeddable":true,"href":"https:\/\/www.psc-psoe.es\/index.php\/wp-json\/wp\/v2\/media\/4172"}],"wp:attachment":[{"href":"https:\/\/www.psc-psoe.es\/index.php\/wp-json\/wp\/v2\/media?parent=4166"}],"wp:term":[{"taxonomy":"category","embeddable":true,"href":"https:\/\/www.psc-psoe.es\/index.php\/wp-json\/wp\/v2\/categories?post=4166"},{"taxonomy":"post_tag","embeddable":true,"href":"https:\/\/www.psc-psoe.es\/index.php\/wp-json\/wp\/v2\/tags?post=4166"}],"curies":[{"name":"wp","href":"https:\/\/api.w.org\/{rel}","templated":true}]}}