{"id":4159,"date":"2019-08-27T12:36:18","date_gmt":"2019-08-27T10:36:18","guid":{"rendered":"https:\/\/www.psc-psoe.es\/?p=4159"},"modified":"2019-08-27T12:49:18","modified_gmt":"2019-08-27T10:49:18","slug":"julio-cires-critica-la-falta-de-respeto-institucional-de-los-vocales-del-pp-en-los-plenos-de-la-mancomunidad-de-liebana-y-penarrubia","status":"publish","type":"post","link":"https:\/\/www.psc-psoe.es\/index.php\/2019\/08\/27\/julio-cires-critica-la-falta-de-respeto-institucional-de-los-vocales-del-pp-en-los-plenos-de-la-mancomunidad-de-liebana-y-penarrubia\/","title":{"rendered":"Julio Cires denuncia &#8220;la falta de respeto institucional&#8221; de los vocales del PP en los plenos de la Mancomunidad de Li\u00e9bana y Pe\u00f1arrubia"},"content":{"rendered":"<p>Santander, 27 de agosto de 2019.<\/p>\n<p>Julio Cires, actual presidente de la Mancomunidad de Li\u00e9bana y Pe\u00f1arrubia ha solicitado a los representantes del PP que dejen a un lado \u201csu inter\u00e9s partidista\u201d y vuelvan \u201ca la normalidad, lealtad y respeto institucional\u201d. \u201cLa mancomunidad es un proyecto com\u00fan por el que tenemos que trabajar juntos haciendo de esta entidad una herramienta \u00fatil para la comarca de Li\u00e9bana y Pe\u00f1arrubia y sus vecinos\u201d, ha se\u00f1alado Cires en contestaci\u00f3n a las declaraciones del portavoz popular.<\/p>\n<p>El socialista ha explicado que el 26 de julio se celebr\u00f3 un pleno extraordinario de la mancomunidad para elegir a su presidente y que al tratarse de un pleno extraordinario \u201cno hab\u00eda lugar en el orden del d\u00eda para ruegos y preguntas\u201d, aunque el portavoz del PP en su turno para felicitar la elecci\u00f3n del presidente expuso todos aquellos asuntos que recoge la prensa. \u201cDeber\u00eda de ser en un pleno ordinario el lugar para tratar y debatir todos los asuntos que afectan al funcionamiento de la mancomunidad y no usar a la prensa\u201d, ha se\u00f1alado el representante socialista recordando adem\u00e1s que quien estuvo al frente de la mancomunidad entre 2011 y 2015 fue el PP, etapa en la que se trabaj\u00f3 con respeto y lealtad y por el bien com\u00fan. \u201cNo se entiende ahora esta actitud de sus vocales\u201d, ha explicado Cires.<\/p>\n<p>En su opini\u00f3n, en la Mancomunidad de Li\u00e9bana y Pe\u00f1arrubia \u201cno se ningunean las aportaciones, sino que se tratan todas con el debido respeto y se buscan soluciones, tal y como se ha defendido en estos cuatro a\u00f1os\u201d, ha se\u00f1alado el socialista.<\/p>\n<p>Por otro lado, Julio Cires,ha indicado que la construcci\u00f3n del campo de f\u00fatbol de hierba artificial en Tama es un proyecto del Gobierno de Cantabria a petici\u00f3n de la Mancomunidad de Li\u00e9bana y Pe\u00f1arrubia, y que es el Gobierno quien se encarga de redactar dicho proyecto y quien adjudica la obra. \u201cLa obra seg\u00fan los t\u00e9cnicos ofrece todas las garant\u00edas, no obstante, en Cantabria hay construidos ya dos campos con el mismo proyecto y est\u00e1n funcionando con total normalidad\u201d, ha destacado el representante socialista.<\/p>\n<p>Cires ha detallado tambi\u00e9n que la reforma de los estatutos que rigen la Mancomunidad \u201cno son competencia del presidente, sino que deben realizarse por un acuerdo del pleno y de la posterior ratificaci\u00f3n en los plenos de los distintos ayuntamientos que integran este \u00f3rgano\u201d.<\/p>\n<p>\u201cNo estoy en contra de esa reforma de los estatutos, pero entiendo que se necesita un consenso de todos los grupos pol\u00edticos, y que dicha reforma adem\u00e1s de la representatividad en el pleno de los distintos ayuntamientos incluir\u00eda tambi\u00e9n el poder mancomunar nuevos servicios\u201d, ha relatado el socialista.<\/p>\n<p>Julio Cires ha recordado tambi\u00e9n que la reuni\u00f3n mantenida con el consejero de Sanidad fue a petici\u00f3n de los alcaldes \u201cpara dar respuesta a asuntos que afectaban a sus consultorios porque su deber como presidente es atender esa petici\u00f3n\u201d.<\/p>\n<p>Por \u00faltimo, el representante socialista ha advertido de que, a su juicio, las cr\u00edticas del PP al personal laboral de la mancomunidad no tienen sentido, ya que esta funciona con \u201ctotal normalidad atendiendo diariamente todos los servicios que se prestan\u201d. Adem\u00e1s, ha a\u00f1adido que no tiene \u201cconstancia de queja alguna de sus usuarios, sino m\u00e1s bien al contrario\u201d. Finalmente, Cires ha agradecido a los vecinos el trabajo que se realiza en la mancomunidad. <\/p>\n","protected":false},"excerpt":{"rendered":"<p>Santander, 27 de agosto de 2019. Julio Cires, actual presidente de la Mancomunidad de Li\u00e9bana y Pe\u00f1arrubia ha solicitado a los representantes del PP que dejen a un lado \u201csu inter\u00e9s partidista\u201d y vuelvan \u201ca la normalidad, lealtad y respeto institucional\u201d. \u201cLa mancomunidad es un proyecto com\u00fan por el que tenemos que trabajar juntos haciendo [&hellip;]<\/p>\n","protected":false},"author":1,"featured_media":4160,"comment_status":"open","ping_status":"closed","sticky":false,"template":"","format":"standard","meta":{"tdm_status":"","tdm_grid_status":"","footnotes":""},"categories":[36,25],"tags":[43,156,157],"class_list":["post-4159","post","type-post","status-publish","format-standard","has-post-thumbnail","hentry","category-liebana","category-actualidad","tag-liebana","tag-mancomunidad","tag-penarrubia"],"_links":{"self":[{"href":"https:\/\/www.psc-psoe.es\/index.php\/wp-json\/wp\/v2\/posts\/4159","targetHints":{"allow":["GET"]}}],"collection":[{"href":"https:\/\/www.psc-psoe.es\/index.php\/wp-json\/wp\/v2\/posts"}],"about":[{"href":"https:\/\/www.psc-psoe.es\/index.php\/wp-json\/wp\/v2\/types\/post"}],"author":[{"embeddable":true,"href":"https:\/\/www.psc-psoe.es\/index.php\/wp-json\/wp\/v2\/users\/1"}],"replies":[{"embeddable":true,"href":"https:\/\/www.psc-psoe.es\/index.php\/wp-json\/wp\/v2\/comments?post=4159"}],"version-history":[{"count":0,"href":"https:\/\/www.psc-psoe.es\/index.php\/wp-json\/wp\/v2\/posts\/4159\/revisions"}],"wp:featuredmedia":[{"embeddable":true,"href":"https:\/\/www.psc-psoe.es\/index.php\/wp-json\/wp\/v2\/media\/4160"}],"wp:attachment":[{"href":"https:\/\/www.psc-psoe.es\/index.php\/wp-json\/wp\/v2\/media?parent=4159"}],"wp:term":[{"taxonomy":"category","embeddable":true,"href":"https:\/\/www.psc-psoe.es\/index.php\/wp-json\/wp\/v2\/categories?post=4159"},{"taxonomy":"post_tag","embeddable":true,"href":"https:\/\/www.psc-psoe.es\/index.php\/wp-json\/wp\/v2\/tags?post=4159"}],"curies":[{"name":"wp","href":"https:\/\/api.w.org\/{rel}","templated":true}]}}