{"id":4150,"date":"2019-08-23T10:50:28","date_gmt":"2019-08-23T08:50:28","guid":{"rendered":"https:\/\/www.psc-psoe.es\/?p=4150"},"modified":"2019-08-23T12:18:44","modified_gmt":"2019-08-23T10:18:44","slug":"el-psoe-de-argonos-exige-informacion-sobre-las-retribuciones-municipales-propuestas-para-el-equipo-de-gobierno","status":"publish","type":"post","link":"https:\/\/www.psc-psoe.es\/index.php\/2019\/08\/23\/el-psoe-de-argonos-exige-informacion-sobre-las-retribuciones-municipales-propuestas-para-el-equipo-de-gobierno\/","title":{"rendered":"El PSOE de Argo\u00f1os exige informaci\u00f3n sobre las retribuciones municipales propuestas para el equipo de gobierno"},"content":{"rendered":"<p style=\"text-align: justify;\">Santander, 23 de agosto de 2019.<\/p>\n<p style=\"text-align: justify;\">El grupo municipal socialista de Argo\u00f1os ha registrado diversas propuestas para tratar en el pr\u00f3ximo pleno ordinario cuestiones relacionadas con las retribuciones atribuidas al alcalde y a los tenientes alcalde, as\u00ed como a la representante municipal en el Consejo Escolar del Colegio P\u00fablico Pedro Santiuste. Tambi\u00e9n ha pedido debatir sobre la propuesta de delegaci\u00f3n de competencias plenarias en favor del alcalde.<\/p>\n<p style=\"text-align: justify;\">El concejal socialista, Jes\u00fas S\u00e1rraga, ha explicado que llama la atenci\u00f3n que a pesar de la dedicaci\u00f3n y necesidades laborales que demanda la gesti\u00f3n del municipio y reconocidas por la Alcald\u00eda, su titular ha fijado una jornada parcial por la que percibir\u00e1 1.599,02\u20ac netos mensuales. En este sentido, ha planteado si no ser\u00eda mejor una dedicaci\u00f3n a jornada completa, aunque esto impidiese incrementar con diversas dietas la retribuci\u00f3n mensual, posibilidad que s\u00ed se permite con la jornada parcial.<\/p>\n<p style=\"text-align: justify;\">En relaci\u00f3n con las retribuciones de los tenientes de alcalde y la representante municipal en el Consejo Escolar del Colegio P\u00fablico Pedro Santiuste, S\u00e1rraga ha preguntado por la partida presupuestaria que va a sufragar ese gasto.<\/p>\n<p style=\"text-align: justify;\">En materia econ\u00f3mica, el concejal del PSOE ha se\u00f1alado que su grupo municipal tambi\u00e9n ha solicitado informaci\u00f3n sobre la ejecuci\u00f3n del presupuesto en vigor, detallando las partidas y su nivel de ejecuci\u00f3n, as\u00ed como las facturas que acrediten dicho gasto.<\/p>\n<p style=\"text-align: justify;\">En este sentido, ha defendido que el desglose de las partidas presupuestarias correspondientes al ejercicio 2018 y anteriores, acompa\u00f1ada por sus facturas, se incluyan en el portal de transparencia municipal para que puedan ser consultadas por cualquier vecino o vecina del municipio.<\/p>\n<p style=\"text-align: justify;\">A nivel competencial, S\u00e1rraga ha defendido que determinadas funciones plenarias delegadas en el alcalde pasen a otros \u00f3rganos municipales. Entre ellas, ha citado la concertaci\u00f3n de operaciones de cr\u00e9dito de diversa cuant\u00eda, proponiendo que sean asumidas por la Comisi\u00f3n Especial de Cuentas, y que la aprobaci\u00f3n de la contrataci\u00f3n o concesi\u00f3n de proyectos de obras y servicios que no est\u00e9n previstos en los presupuestos sea asumida por la Comisi\u00f3n de Urbanismo en la que est\u00e9n representados los grupos municipales.<\/p>\n<p style=\"text-align: justify;\">Sobre la Comisi\u00f3n Especial de Cuentas, el concejal socialista ha se\u00f1alado que su grupo ha propuesto reducir el n\u00famero de componentes para favorecer el ahorro de dinero p\u00fablico, manteniendo la proporcionalidad y representatividad alcanzada por los partidos pol\u00edticos integrantes de la misma.<\/p>\n<p style=\"text-align: justify;\">Entre las propuestas registradas por el grupo municipal socialista, figura tambi\u00e9n la solicitud de informaci\u00f3n sobre los bienes muebles e inmuebles propiedad del Ayuntamiento; sobre aquellos que han sido arrendados a terceros y cu\u00e1l es su destino; y sobre aquellos que siendo propiedad municipal han sido arrendados a terceros.<\/p>\n<figure id=\"attachment_4153\" aria-describedby=\"caption-attachment-4153\" style=\"width: 225px\" class=\"wp-caption alignnone\"><img loading=\"lazy\" decoding=\"async\" class=\"size-medium wp-image-4153\" src=\"https:\/\/www.psc-psoe.es\/wp-content\/uploads\/2019\/08\/Foto-1-225x300.jpg\" alt=\"\" width=\"225\" height=\"300\" srcset=\"https:\/\/www.psc-psoe.es\/wp-content\/uploads\/2019\/08\/Foto-1-225x300.jpg 225w, https:\/\/www.psc-psoe.es\/wp-content\/uploads\/2019\/08\/Foto-1-768x1024.jpg 768w, https:\/\/www.psc-psoe.es\/wp-content\/uploads\/2019\/08\/Foto-1-696x928.jpg 696w, https:\/\/www.psc-psoe.es\/wp-content\/uploads\/2019\/08\/Foto-1-1068x1424.jpg 1068w, https:\/\/www.psc-psoe.es\/wp-content\/uploads\/2019\/08\/Foto-1-315x420.jpg 315w, https:\/\/www.psc-psoe.es\/wp-content\/uploads\/2019\/08\/Foto-1.jpg 1200w\" sizes=\"auto, (max-width: 225px) 100vw, 225px\" \/><figcaption id=\"caption-attachment-4153\" class=\"wp-caption-text\">Solicitud de certificaci\u00f3n de las retribuciones<\/figcaption><\/figure>\n<figure id=\"attachment_4154\" aria-describedby=\"caption-attachment-4154\" style=\"width: 225px\" class=\"wp-caption alignnone\"><img loading=\"lazy\" decoding=\"async\" class=\"size-medium wp-image-4154\" src=\"https:\/\/www.psc-psoe.es\/wp-content\/uploads\/2019\/08\/Foto-2-225x300.jpg\" alt=\"\" width=\"225\" height=\"300\" srcset=\"https:\/\/www.psc-psoe.es\/wp-content\/uploads\/2019\/08\/Foto-2-225x300.jpg 225w, https:\/\/www.psc-psoe.es\/wp-content\/uploads\/2019\/08\/Foto-2-768x1024.jpg 768w, https:\/\/www.psc-psoe.es\/wp-content\/uploads\/2019\/08\/Foto-2-696x928.jpg 696w, https:\/\/www.psc-psoe.es\/wp-content\/uploads\/2019\/08\/Foto-2-1068x1424.jpg 1068w, https:\/\/www.psc-psoe.es\/wp-content\/uploads\/2019\/08\/Foto-2-315x420.jpg 315w, https:\/\/www.psc-psoe.es\/wp-content\/uploads\/2019\/08\/Foto-2.jpg 1200w\" sizes=\"auto, (max-width: 225px) 100vw, 225px\" \/><figcaption id=\"caption-attachment-4154\" class=\"wp-caption-text\">Solicitud de certificaci\u00f3n de las retribuciones<\/figcaption><\/figure>\n<figure id=\"attachment_4155\" aria-describedby=\"caption-attachment-4155\" style=\"width: 225px\" class=\"wp-caption alignnone\"><img loading=\"lazy\" decoding=\"async\" class=\"size-medium wp-image-4155\" src=\"https:\/\/www.psc-psoe.es\/wp-content\/uploads\/2019\/08\/Foto-3-225x300.jpg\" alt=\"\" width=\"225\" height=\"300\" srcset=\"https:\/\/www.psc-psoe.es\/wp-content\/uploads\/2019\/08\/Foto-3-225x300.jpg 225w, https:\/\/www.psc-psoe.es\/wp-content\/uploads\/2019\/08\/Foto-3-768x1024.jpg 768w, https:\/\/www.psc-psoe.es\/wp-content\/uploads\/2019\/08\/Foto-3-696x928.jpg 696w, https:\/\/www.psc-psoe.es\/wp-content\/uploads\/2019\/08\/Foto-3-1068x1424.jpg 1068w, https:\/\/www.psc-psoe.es\/wp-content\/uploads\/2019\/08\/Foto-3-315x420.jpg 315w, https:\/\/www.psc-psoe.es\/wp-content\/uploads\/2019\/08\/Foto-3.jpg 1200w\" sizes=\"auto, (max-width: 225px) 100vw, 225px\" \/><figcaption id=\"caption-attachment-4155\" class=\"wp-caption-text\">Solicitud de certificaci\u00f3n de las retribuciones<\/figcaption><\/figure>\n","protected":false},"excerpt":{"rendered":"<p>Santander, 23 de agosto de 2019. El grupo municipal socialista de Argo\u00f1os ha registrado diversas propuestas para tratar en el pr\u00f3ximo pleno ordinario cuestiones relacionadas con las retribuciones atribuidas al alcalde y a los tenientes alcalde, as\u00ed como a la representante municipal en el Consejo Escolar del Colegio P\u00fablico Pedro Santiuste. Tambi\u00e9n ha pedido debatir [&hellip;]<\/p>\n","protected":false},"author":1,"featured_media":4158,"comment_status":"open","ping_status":"closed","sticky":false,"template":"","format":"standard","meta":{"tdm_status":"","tdm_grid_status":"","footnotes":""},"categories":[14,24,39,6,25],"tags":[153,154,155,151,152],"class_list":["post-4150","post","type-post","status-publish","format-standard","has-post-thumbnail","hentry","category-notas-de-prensa","category-partido","category-trasmiera","category-agrupaciones","category-actualidad","tag-jesus-sarraga","tag-informacion","tag-retribuciones-municipales","tag-psoe","tag-argonos"],"_links":{"self":[{"href":"https:\/\/www.psc-psoe.es\/index.php\/wp-json\/wp\/v2\/posts\/4150","targetHints":{"allow":["GET"]}}],"collection":[{"href":"https:\/\/www.psc-psoe.es\/index.php\/wp-json\/wp\/v2\/posts"}],"about":[{"href":"https:\/\/www.psc-psoe.es\/index.php\/wp-json\/wp\/v2\/types\/post"}],"author":[{"embeddable":true,"href":"https:\/\/www.psc-psoe.es\/index.php\/wp-json\/wp\/v2\/users\/1"}],"replies":[{"embeddable":true,"href":"https:\/\/www.psc-psoe.es\/index.php\/wp-json\/wp\/v2\/comments?post=4150"}],"version-history":[{"count":0,"href":"https:\/\/www.psc-psoe.es\/index.php\/wp-json\/wp\/v2\/posts\/4150\/revisions"}],"wp:featuredmedia":[{"embeddable":true,"href":"https:\/\/www.psc-psoe.es\/index.php\/wp-json\/wp\/v2\/media\/4158"}],"wp:attachment":[{"href":"https:\/\/www.psc-psoe.es\/index.php\/wp-json\/wp\/v2\/media?parent=4150"}],"wp:term":[{"taxonomy":"category","embeddable":true,"href":"https:\/\/www.psc-psoe.es\/index.php\/wp-json\/wp\/v2\/categories?post=4150"},{"taxonomy":"post_tag","embeddable":true,"href":"https:\/\/www.psc-psoe.es\/index.php\/wp-json\/wp\/v2\/tags?post=4150"}],"curies":[{"name":"wp","href":"https:\/\/api.w.org\/{rel}","templated":true}]}}