{"id":4105,"date":"2019-08-06T21:31:41","date_gmt":"2019-08-06T19:31:41","guid":{"rendered":"https:\/\/www.psc-psoe.es\/?p=4105"},"modified":"2019-08-06T21:31:46","modified_gmt":"2019-08-06T19:31:46","slug":"psoe-taxi-2-2-2-2","status":"publish","type":"post","link":"https:\/\/www.psc-psoe.es\/index.php\/2019\/08\/06\/psoe-taxi-2-2-2-2\/","title":{"rendered":"El PSOE de Valderredible urge la apertura del Observatorio Astron\u00f3mico de Cantabria"},"content":{"rendered":"<p><strong>Santander, \u00a05 de agosto de 2019<\/strong>. \u00a0\u00a0La Agrupaci\u00f3n Socialista de Valderredible lamenta que iniciado ya el mes de agosto el Observatorio Astron\u00f3mico de Cantabria permanezca a\u00fan cerrado, con el telescopio principal fuera de servicio y el entorno del recinto en unas condiciones deplorables, lleno de maleza, mal cercado, sin segar, sin carteles indicadores de las fechas y horarios de apertura, y sin apenas se\u00f1alizaci\u00f3n.<\/p>\n<p>El Grupo Socialista de Valderredible lamenta que el retraso en la apertura del observatorio se est\u00e1 convirtiendo en habitual, repiti\u00e9ndose desde hace unos a\u00f1os, y que las instalaciones, especialmente el aparcamiento y el recinto del observatorio, no terminen de acondicionarse a pesar del tiempo trascurrido desde su apertura, en 2007.<\/p>\n<p>Los socialistas consideran que una instalaci\u00f3n de estas caracter\u00edsticas, \u00fanica en el norte de Espa\u00f1a, esta infrautilizada, y solicitan al Gobierno regional que se regularice su funcionamiento, ampli\u00e1ndose la temporada que permanece abierto al p\u00fablico a 9 meses al a\u00f1o, realiz\u00e1ndose un adecuado mantenimiento y promoci\u00f3n del mismo,\u00a0 y que se completen de una vez sus instalaciones perif\u00e9ricas.<\/p>\n<p>\u201cEl OAC tiene unas posibilidades enormes para dinamizar el Valle, como lo demuestran los miles de visitantes que recibe en los escasos periodos que permanece abierto. Pensamos que con una adecuada promoci\u00f3n, que hoy en d\u00eda no tiene, finalizando sus instalaciones para facilitar la estancia de los visitantes y ampliando sus actividades, se convertir\u00eda en un centro cient\u00edfico, observacional, did\u00e1ctico y divulgativo, de referencia en toda Espa\u00f1a. Es muy lamentable que teniendo construida una instalaci\u00f3n de estas caracter\u00edsticas, la tengamos medio abandonada y no seamos capaces de explotar todo su potencial\u201d<\/p>\n<p>El Observatorio Astron\u00f3mico de Cantabria (OAC) dependiente del CIMA y gestionado con el apoyo de la Agrupaci\u00f3n Astron\u00f3mica C\u00e1ntabra\u00a0 y la Universidad de Cantabria, es una instalaci\u00f3n abierta a todos los p\u00fablicos, que est\u00e1 situada en el P\u00e1ramo de la Lora, a m\u00e1s de 1000 m de altitud, cerca de la localidad de Polientes, y destinada tanto a la observaci\u00f3n y trabajo cient\u00edfico como a la divulgaci\u00f3n de la Astronom\u00eda. Desde sus instalaciones se han realizado importantes observaciones e incluso el descubrimiento de una nueva estrella variable: la VSX J213808.7 +261704<\/p>\n<p>La c\u00fapula del Observatorio Astron\u00f3mico de Cantabria (OAC) tiene un di\u00e1metro de 4 metros y alberga al telescopio principal catadi\u00f3ptrico de 40 cm de di\u00e1metro. En ella se realizan las observaciones, tanto visuales como mediante instrumentos. Tanto el telescopio como los instrumentos son manejados desde una sala de control. Dentro de las instalaciones del OAC hay tambi\u00e9n un sal\u00f3n de actos con capacidad para 70 personas y una amplia sala para realizar actividades.<\/p>\n<p>&nbsp;<\/p>\n<p>&nbsp;<\/p>\n<p>&nbsp; <\/p>\n","protected":false},"excerpt":{"rendered":"<p>Santander, \u00a05 de agosto de 2019. \u00a0\u00a0La Agrupaci\u00f3n Socialista de Valderredible lamenta que iniciado ya el mes de agosto el Observatorio Astron\u00f3mico de Cantabria permanezca a\u00fan cerrado, con el telescopio principal fuera de servicio y el entorno del recinto en unas condiciones deplorables, lleno de maleza, mal cercado, sin segar, sin carteles indicadores de las [&hellip;]<\/p>\n","protected":false},"author":1,"featured_media":4106,"comment_status":"open","ping_status":"closed","sticky":false,"template":"","format":"standard","meta":{"tdm_status":"","tdm_grid_status":"","footnotes":""},"categories":[14,6,25],"tags":[],"class_list":["post-4105","post","type-post","status-publish","format-standard","has-post-thumbnail","hentry","category-notas-de-prensa","category-agrupaciones","category-actualidad"],"_links":{"self":[{"href":"https:\/\/www.psc-psoe.es\/index.php\/wp-json\/wp\/v2\/posts\/4105","targetHints":{"allow":["GET"]}}],"collection":[{"href":"https:\/\/www.psc-psoe.es\/index.php\/wp-json\/wp\/v2\/posts"}],"about":[{"href":"https:\/\/www.psc-psoe.es\/index.php\/wp-json\/wp\/v2\/types\/post"}],"author":[{"embeddable":true,"href":"https:\/\/www.psc-psoe.es\/index.php\/wp-json\/wp\/v2\/users\/1"}],"replies":[{"embeddable":true,"href":"https:\/\/www.psc-psoe.es\/index.php\/wp-json\/wp\/v2\/comments?post=4105"}],"version-history":[{"count":0,"href":"https:\/\/www.psc-psoe.es\/index.php\/wp-json\/wp\/v2\/posts\/4105\/revisions"}],"wp:featuredmedia":[{"embeddable":true,"href":"https:\/\/www.psc-psoe.es\/index.php\/wp-json\/wp\/v2\/media\/4106"}],"wp:attachment":[{"href":"https:\/\/www.psc-psoe.es\/index.php\/wp-json\/wp\/v2\/media?parent=4105"}],"wp:term":[{"taxonomy":"category","embeddable":true,"href":"https:\/\/www.psc-psoe.es\/index.php\/wp-json\/wp\/v2\/categories?post=4105"},{"taxonomy":"post_tag","embeddable":true,"href":"https:\/\/www.psc-psoe.es\/index.php\/wp-json\/wp\/v2\/tags?post=4105"}],"curies":[{"name":"wp","href":"https:\/\/api.w.org\/{rel}","templated":true}]}}