{"id":4092,"date":"2019-07-31T12:41:49","date_gmt":"2019-07-31T10:41:49","guid":{"rendered":"https:\/\/www.psc-psoe.es\/?p=4092"},"modified":"2019-07-31T12:45:15","modified_gmt":"2019-07-31T10:45:15","slug":"psoe-taxi-2-2","status":"publish","type":"post","link":"https:\/\/www.psc-psoe.es\/index.php\/2019\/07\/31\/psoe-taxi-2-2\/","title":{"rendered":"El diputado Luis Clemente ser\u00e1 portavoz por el Grupo Socialista en la Comisi\u00f3n Mixta de Seguridad Nacional"},"content":{"rendered":"<ul>\n<li><em>Los cinco socialistas c\u00e1ntabros presentes en Congreso y Senado ocupan importantes responsabilidades en las comisiones parlamentarias de ambas c\u00e1maras<\/em><\/li>\n<\/ul>\n<p>El diputado socialista c\u00e1ntabro Luis Clemente ser\u00e1 portavoz por el Grupo Socialista en la Comisi\u00f3n Mixta Congreso Senado de Seguridad Nacional tras la constituci\u00f3n ayer martes de las 28 comisiones parlamentarias para desarrollar la actividad legislativa en las Cortes Generales. Clemente ha sido adem\u00e1s designado como vocal en las Comisiones de Interior; Pol\u00edtica Territorial y Funci\u00f3n P\u00fablica; Trabajo, Migraciones y Seguridad Social; Seguridad Vial y Movilidad Sostenible, en la que formar\u00e1 parte de la Mesa como Secretario segundo.<\/p>\n<p>El diputado c\u00e1ntabro ha asegurado afrontar estas tareas \u201ccon plena responsabilidad, con todas las ganas y en la seguridad de saber desempe\u00f1arlas con acierto\u201d.<\/p>\n<p>Por su parte, la diputada Mar\u00eda Jes\u00fas Calva ser\u00e1 miembro de cinco comisiones actuando como\u00a0 vicepresidenta en la de Cooperaci\u00f3n al Desarrollo, y como portavoz adjunta en la de Hacienda. Calva forma parte tambi\u00e9n de la comisi\u00f3n mixta de Relaciones con el Defensor del Pueblo, Igualdad, y Coordinaci\u00f3n y seguimiento de Objetivos de Desarrollo Sostenible, comisi\u00f3n mixta que preside la senadora socialista c\u00e1ntabra Isabel Fern\u00e1ndez.<\/p>\n<p><strong>Comisiones en el Senado<\/strong><\/p>\n<p>Adem\u00e1s de la presidencia de la Comisi\u00f3n Mixta de Coordinaci\u00f3n y seguimiento de Objetivos de Desarrollo Sostenible, la senadora Isabel Fern\u00e1ndez formar\u00e1 parte como vocal de las comisiones de\u00a0 Pol\u00edticas integrales para la discapacidad, Peticiones y la Comisi\u00f3n Mixta de relaciones con el Defensor del Pueblo.<\/p>\n<p>Gustavo Garc\u00eda ser\u00e1 secretario primero de la Comisi\u00f3n de Funci\u00f3n P\u00fablica y vocal de las de Cooperaci\u00f3n Internacional, Cultura y Deporte y Pol\u00edtica territorial.<\/p>\n<p>Por su parte, Rocio R\u00e1bago formar\u00e1 parte de las Comisiones de Igualdad, Agricultura, Pesca y Alimentaci\u00f3n y ser\u00e1 la viceportavoz de la Comisi\u00f3n Mixta para el Estudio del Problema de las Drogas.<\/p>\n<p>&nbsp; <\/p>\n","protected":false},"excerpt":{"rendered":"<p>Los cinco socialistas c\u00e1ntabros presentes en Congreso y Senado ocupan importantes responsabilidades en las comisiones parlamentarias de ambas c\u00e1maras El diputado socialista c\u00e1ntabro Luis Clemente ser\u00e1 portavoz por el Grupo Socialista en la Comisi\u00f3n Mixta Congreso Senado de Seguridad Nacional tras la constituci\u00f3n ayer martes de las 28 comisiones parlamentarias para desarrollar la actividad legislativa [&hellip;]<\/p>\n","protected":false},"author":1,"featured_media":3955,"comment_status":"open","ping_status":"closed","sticky":false,"template":"","format":"standard","meta":{"tdm_status":"","tdm_grid_status":"","footnotes":""},"categories":[14,24,25],"tags":[],"class_list":["post-4092","post","type-post","status-publish","format-standard","has-post-thumbnail","hentry","category-notas-de-prensa","category-partido","category-actualidad"],"_links":{"self":[{"href":"https:\/\/www.psc-psoe.es\/index.php\/wp-json\/wp\/v2\/posts\/4092","targetHints":{"allow":["GET"]}}],"collection":[{"href":"https:\/\/www.psc-psoe.es\/index.php\/wp-json\/wp\/v2\/posts"}],"about":[{"href":"https:\/\/www.psc-psoe.es\/index.php\/wp-json\/wp\/v2\/types\/post"}],"author":[{"embeddable":true,"href":"https:\/\/www.psc-psoe.es\/index.php\/wp-json\/wp\/v2\/users\/1"}],"replies":[{"embeddable":true,"href":"https:\/\/www.psc-psoe.es\/index.php\/wp-json\/wp\/v2\/comments?post=4092"}],"version-history":[{"count":0,"href":"https:\/\/www.psc-psoe.es\/index.php\/wp-json\/wp\/v2\/posts\/4092\/revisions"}],"wp:featuredmedia":[{"embeddable":true,"href":"https:\/\/www.psc-psoe.es\/index.php\/wp-json\/wp\/v2\/media\/3955"}],"wp:attachment":[{"href":"https:\/\/www.psc-psoe.es\/index.php\/wp-json\/wp\/v2\/media?parent=4092"}],"wp:term":[{"taxonomy":"category","embeddable":true,"href":"https:\/\/www.psc-psoe.es\/index.php\/wp-json\/wp\/v2\/categories?post=4092"},{"taxonomy":"post_tag","embeddable":true,"href":"https:\/\/www.psc-psoe.es\/index.php\/wp-json\/wp\/v2\/tags?post=4092"}],"curies":[{"name":"wp","href":"https:\/\/api.w.org\/{rel}","templated":true}]}}