{"id":4055,"date":"2019-06-17T20:25:51","date_gmt":"2019-06-17T18:25:51","guid":{"rendered":"https:\/\/www.psc-psoe.es\/?p=4055"},"modified":"2019-06-17T20:51:33","modified_gmt":"2019-06-17T18:51:33","slug":"la-ejecutiva-del-psoe-cantabro-considera-satisfactorio-el-preacuerdo-regional-con-el-prc-y-propone-a-joaquin-gomez-como-presidente-del-parlamento-de-cantabria","status":"publish","type":"post","link":"https:\/\/www.psc-psoe.es\/index.php\/2019\/06\/17\/la-ejecutiva-del-psoe-cantabro-considera-satisfactorio-el-preacuerdo-regional-con-el-prc-y-propone-a-joaquin-gomez-como-presidente-del-parlamento-de-cantabria\/","title":{"rendered":"La Ejecutiva Regional del PSOE considera satisfactorio el preacuerdo con el PRC y propone a Joaqu\u00edn G\u00f3mez como presidente del Parlamento de Cantabria"},"content":{"rendered":"<p>La Ejecutiva Regional del Partido Socialista de Cantabria ha calificado en su reuni\u00f3n de esta tarde como \u201cl\u00f3gico y satisfactorio\u201d el acuerdo de gobierno planteado por ambos partidos y que a\u00fan est\u00e1 pendiente de la validaci\u00f3n socialista tras la consulta de la militancia. En este sentido, la direcci\u00f3n socialista ha decidido tambi\u00e9n que dicha consulta se realizar\u00e1 ma\u00f1ana, martes, en todas las agrupaciones que el partido tiene repartidas a lo largo y ancho de la comunidad aut\u00f3noma.<\/p>\n<p>Noelia Cobo, secretaria de Organizaci\u00f3n del PSOE Cantabria, se ha mostrado segura del apoyo de la militancia a un acuerdo que plantea un futuro de desarrollo y bienestar para toda la regi\u00f3n, en el que el PSOE gestionar\u00e1 \u00e1reas como sanidad, servicios sociales, vivienda y empleo, juventud y cooperaci\u00f3n, cultura y deporte y la Consejer\u00eda de Econom\u00eda, algo \u201cfundamental\u201d, ha se\u00f1alado, para garantizar el buen funcionamiento de los servicios p\u00fablicos, cuya defensa y buen funcionamiento resulta \u201ccapital\u201d para el PSOE.<\/p>\n<p>En relaci\u00f3n al preacuerdo regional, la dirigente socialista ha considerado que se han cumplido las expectativas electorales generadas tras los comicios auton\u00f3micos del pasado mes de mayo en el que ambas formaciones aumentaron el n\u00famero de votos y esca\u00f1os en el Parlamento de Cantabria.<\/p>\n<p>En relaci\u00f3n a los pactos municipales, Cobo ha explicado que el PSOE regir\u00e1 un total de 21 municipios entre los cuales destacan los de plazas tan importantes como Castro Urdiales, Laredo, Colindres, Santo\u00f1a, Pi\u00e9lagos, Santa Cruz de Bezana, Suances o Camargo.<\/p>\n<p>La tambi\u00e9n diputada electa ha se\u00f1alado adem\u00e1s que poblaciones como Marina de Cudeyo, Val de San Vicente, Ampuero, Ramales, Limpias y Santillana del Mar, Cieza o San Miguel de Aguayo tendr\u00e1n un regidor o regidora socialista en esta pr\u00f3xima legislatura.<\/p>\n<p>Noelia Cobo ha a\u00f1adido que \u201clos socialistas nos sentimos muy defraudados por lo sucedido con la alcald\u00eda de Corrales de Buelna\u201d; un municipio donde la actitud del socio de gobierno regional \u201cno ha sido la deseada\u201d. Josefina Gonz\u00e1lez ha recibido el apoyo de la Ejecutiva Regional como una \u201cextraordinaria alcaldesa desalojada de la alcald\u00eda mediante una \u201cextra\u00f1a e injusta maniobra\u201d. Para la socialista, la actitud del PRC no ha sido \u201cleal al esp\u00edritu de colaboraci\u00f3n global de ambas formaciones\u201d, dado que el PSOE y los regionalistas ha sido capaces de llegar a acuerdos en el \u00e1mbito de la pol\u00edtica estatal, auton\u00f3mica y en \u201cmuchos de los municipios de Cantabria\u201d.<\/p>\n<p>Tambi\u00e9n en el \u00e1mbito municipal, Noelia Cobo ha explicado que la Ejecutiva Regional del PSOE Cantabria ha decidido impugnar el pleno celebrado en el d\u00eda de hoy en la localidad de Rionansa, donde la sesi\u00f3n se ha celebrado sin la representaci\u00f3n del Partido Socialista cuyo edil en dicho ayuntamiento se encuentra hospitalizado, produci\u00e9ndose, en opini\u00f3n de los socialistas, una clara vulneraci\u00f3n de derechos.<\/p>\n<p><strong>Joaqu\u00edn G\u00f3mez ser\u00e1 propuesto como presidente del Parlamento c\u00e1ntabro<\/strong><\/p>\n<p>El hasta hace unos d\u00edas alcalde de Santa Cruz de Bezana, Joaqu\u00edn G\u00f3mez, ser\u00e1 propuesto por el PSOE el pr\u00f3ximo jueves, d\u00eda 20, como presidente del Parlamento de Cantabria. Natural de Mazcuerras (1.955), casado, padre de un hijo y una hija y afincado en Bezana desde hace 27 a\u00f1os, G\u00f3mez ha desempe\u00f1ado su vida laboral como empleado de la empresa Casino del Sardinero, siendo desde 1.983 dirigente sindical en la UGT y, posteriormente, miembro del Comit\u00e9 Regional del PSOE Cantabria y del Comit\u00e9 Federal del Partido Socialista Obrero Espa\u00f1ol. Joaqu\u00edn G\u00f3mez es titulado en Magisterio y en Relaciones Laborales.<\/p>\n<p>&nbsp;<\/p>\n<p>&nbsp; <\/p>\n","protected":false},"excerpt":{"rendered":"<p>La Ejecutiva Regional del Partido Socialista de Cantabria ha calificado en su reuni\u00f3n de esta tarde como \u201cl\u00f3gico y satisfactorio\u201d el acuerdo de gobierno planteado por ambos partidos y que a\u00fan est\u00e1 pendiente de la validaci\u00f3n socialista tras la consulta de la militancia. En este sentido, la direcci\u00f3n socialista ha decidido tambi\u00e9n que dicha consulta [&hellip;]<\/p>\n","protected":false},"author":1,"featured_media":3995,"comment_status":"open","ping_status":"closed","sticky":false,"template":"","format":"standard","meta":{"tdm_status":"","tdm_grid_status":"","footnotes":""},"categories":[1],"tags":[],"class_list":["post-4055","post","type-post","status-publish","format-standard","has-post-thumbnail","hentry","category-uncategorized"],"_links":{"self":[{"href":"https:\/\/www.psc-psoe.es\/index.php\/wp-json\/wp\/v2\/posts\/4055","targetHints":{"allow":["GET"]}}],"collection":[{"href":"https:\/\/www.psc-psoe.es\/index.php\/wp-json\/wp\/v2\/posts"}],"about":[{"href":"https:\/\/www.psc-psoe.es\/index.php\/wp-json\/wp\/v2\/types\/post"}],"author":[{"embeddable":true,"href":"https:\/\/www.psc-psoe.es\/index.php\/wp-json\/wp\/v2\/users\/1"}],"replies":[{"embeddable":true,"href":"https:\/\/www.psc-psoe.es\/index.php\/wp-json\/wp\/v2\/comments?post=4055"}],"version-history":[{"count":0,"href":"https:\/\/www.psc-psoe.es\/index.php\/wp-json\/wp\/v2\/posts\/4055\/revisions"}],"wp:featuredmedia":[{"embeddable":true,"href":"https:\/\/www.psc-psoe.es\/index.php\/wp-json\/wp\/v2\/media\/3995"}],"wp:attachment":[{"href":"https:\/\/www.psc-psoe.es\/index.php\/wp-json\/wp\/v2\/media?parent=4055"}],"wp:term":[{"taxonomy":"category","embeddable":true,"href":"https:\/\/www.psc-psoe.es\/index.php\/wp-json\/wp\/v2\/categories?post=4055"},{"taxonomy":"post_tag","embeddable":true,"href":"https:\/\/www.psc-psoe.es\/index.php\/wp-json\/wp\/v2\/tags?post=4055"}],"curies":[{"name":"wp","href":"https:\/\/api.w.org\/{rel}","templated":true}]}}