{"id":3994,"date":"2019-05-27T20:54:42","date_gmt":"2019-05-27T18:54:42","guid":{"rendered":"https:\/\/www.psc-psoe.es\/?p=3994"},"modified":"2019-05-28T22:02:34","modified_gmt":"2019-05-28T20:02:34","slug":"la-cer-valora-positivamente-los-resultados-locales-autonomicos-y-europeos-en-cantabria","status":"publish","type":"post","link":"https:\/\/www.psc-psoe.es\/index.php\/2019\/05\/27\/la-cer-valora-positivamente-los-resultados-locales-autonomicos-y-europeos-en-cantabria\/","title":{"rendered":"La CER valora positivamente los resultados locales, auton\u00f3micos y europeos en Cantabria"},"content":{"rendered":"<p>El secretario general del PSOE de Cantabria, Pablo Zuloaga, ha asegurado que los resultados de las elecciones locales, auton\u00f3micas y europeas en Cantabria son \u201cpositivos\u201d porque  ha resaltado, \u201cnuestro partido recupera cuatro puntos, hemos conseguido m\u00e1s de 12.000 votos que en las elecciones auton\u00f3micas del a\u00f1o 2015 y m\u00e1s de 2.000 que en las del a\u00f1o 2011\u201d.<\/p>\n<p>As\u00ed lo ha manifestado despu\u00e9s de mantener una reuni\u00f3n en la sede del PSC-PSOE en Santander, con la Comisi\u00f3n Ejecutiva Regional (CER) para valorar los resultados electorales del 26 de mayo.<\/p>\n<p>Zuloaga ha defendido \u201cel cambio de tendencia\u201d que se ha producido en el PSOE de Cantabria en estos \u00faltimos comicios, \u201cdespu\u00e9s de a\u00f1os en los que los socialistas c\u00e1ntabros hab\u00edamos cosechado nuestros peores resultados\u201d, ha recordado. \u201cHemos logrado romper la tendencia a la baja y la p\u00e9rdida de votos y eso, es motivo para estar contentos\u201d, ha apostillado.<\/p>\n<p>Asimismo, ha insistido que desde las filas socialistas \u201cconfiamos en recuperar un s\u00e9ptimo diputado\u201d despu\u00e9s de que se recuenten los votos de los ciudadanos y ciudadanas residentes en el extranjero e inscritos en el Censo Electoral de Residentes Ausentes (CERA) que se realizara este mi\u00e9rcoles, 29 de mayo.<\/p>\n<p>En este sentido, ha reiterado que \u201ctenemos muchas posibilidades, lo tuvimos y en el \u00faltimo momento de la noche se nos arrebat\u00f3, pero mantenemos la esperanza de poder recuperarlo\u201d.<\/p>\n<p>Adem\u00e1s, el dirigente socialista, ha asegurado que \u201cPedro S\u00e1nchez avala los buenos resultados obtenidos por los socialistas en Cantabria\u201d y ha agregado, \u201crespalda todo la labor realizada\u201d.<\/p>\n<p>\u201cCuando fui elegido secretario general, me compromet\u00ed a cambiar las cosas y a trabajar para que los c\u00e1ntabros confiasen en nuestras siglas y eso es precisamente lo que est\u00e1 pasando ahora, porque ha quedado demostrado en las urnas que cada vez somos m\u00e1s los que que queremos una Cantabria progresista\u201d, ha subrayado.<\/p>\n<p><strong>Los consistorios<\/strong><\/p>\n<p>Por otro lado, el l\u00edder de los socialistas c\u00e1ntabros ha destacado las \u201csubidas importantes y el gran n\u00famero de votos\u201d que el PSOE ha conseguido en grandes ayuntamientos de Cantabria como el de Santander, Torrelavega, Castro Urdiales, Pi\u00e9lagos, Camargo, Santa Cruz de Bezana, El Astillero o Marina de Cudeyo. Municipios todos ellos donde ha asegurado \u201clos socialistas trabajaremos a trav\u00e9s del di\u00e1logo y el acuerdo para consolidar las alcald\u00edas y conseguir otras nuevas como la de Santander o la de Castro Urdiales\u201d.<\/p>\n<p>\u201cNo nos vamos a conformar, queremos alcald\u00edas fuertes y socialistas en Cantabria\u201d, ha insistido.<\/p>\n<p>En esta l\u00ednea, tambi\u00e9n ha querido hacer hincapi\u00e9 en aquellos ayuntamientos en los que el PSOE ha logrado mayor\u00edas absolutas como el de Tresviso, Ramales de la Victoria, Suances, Pe\u00f1arrubia, Colindres, Val de San Vicente, San Miguel de Aguayo y Cartes. De este \u00faltimo ha dicho, \u201ces una gran victoria\u201d, obteniendo once concejales socialistas frente a los cinco que ya ten\u00eda.<\/p>\n<p>Adem\u00e1s, Zuloaga ha incidido que desde la CER se han resaltado los \u201cbuenos resultados\u201d que ha obtenido el PSOE en las elecciones europeas donde ha advertido que el candidato, Ra\u00fal Pesquera \u201cpodr\u00eda convertirse en eurodiputado en funci\u00f3n de c\u00f3mo Pedro S\u00e1nchez dise\u00f1e o conforme su Gobierno\u201d.<\/p>\n<p>\u201cEn las elecciones generales logramos que el PSOE ganase las elecciones 26 a\u00f1os despu\u00e9s, consiguiendo dos diputados y tres senadores y llevando los intereses de los c\u00e1ntabros a las Cortes Generales y ahora ser\u00eda una muy buena noticia que suceda lo mismo en Europa\u201d, ha subrayado.<\/p>\n<p>Finalmente, Pablo Zuloaga ha agradecido el trabajo que ha realizado dentro de su partido y \u201ca todos los c\u00e1ntabros y c\u00e1ntabras que han confiado su voto en el PSOE\u201d.<\/p>\n","protected":false},"excerpt":{"rendered":"<p>El secretario general del PSOE de Cantabria, Pablo Zuloaga, ha asegurado que los resultados de las elecciones locales, auton\u00f3micas y europeas en Cantabria son \u201cpositivos\u201d porque ha resaltado, \u201cnuestro partido recupera cuatro puntos, hemos conseguido m\u00e1s de 12.000 votos que en las elecciones auton\u00f3micas del a\u00f1o 2015 y m\u00e1s de 2.000 que en las del [&hellip;]<\/p>\n","protected":false},"author":2,"featured_media":3995,"comment_status":"open","ping_status":"closed","sticky":false,"template":"","format":"standard","meta":{"tdm_status":"","tdm_grid_status":"","footnotes":""},"categories":[1],"tags":[],"class_list":["post-3994","post","type-post","status-publish","format-standard","has-post-thumbnail","hentry","category-uncategorized"],"_links":{"self":[{"href":"https:\/\/www.psc-psoe.es\/index.php\/wp-json\/wp\/v2\/posts\/3994","targetHints":{"allow":["GET"]}}],"collection":[{"href":"https:\/\/www.psc-psoe.es\/index.php\/wp-json\/wp\/v2\/posts"}],"about":[{"href":"https:\/\/www.psc-psoe.es\/index.php\/wp-json\/wp\/v2\/types\/post"}],"author":[{"embeddable":true,"href":"https:\/\/www.psc-psoe.es\/index.php\/wp-json\/wp\/v2\/users\/2"}],"replies":[{"embeddable":true,"href":"https:\/\/www.psc-psoe.es\/index.php\/wp-json\/wp\/v2\/comments?post=3994"}],"version-history":[{"count":0,"href":"https:\/\/www.psc-psoe.es\/index.php\/wp-json\/wp\/v2\/posts\/3994\/revisions"}],"wp:featuredmedia":[{"embeddable":true,"href":"https:\/\/www.psc-psoe.es\/index.php\/wp-json\/wp\/v2\/media\/3995"}],"wp:attachment":[{"href":"https:\/\/www.psc-psoe.es\/index.php\/wp-json\/wp\/v2\/media?parent=3994"}],"wp:term":[{"taxonomy":"category","embeddable":true,"href":"https:\/\/www.psc-psoe.es\/index.php\/wp-json\/wp\/v2\/categories?post=3994"},{"taxonomy":"post_tag","embeddable":true,"href":"https:\/\/www.psc-psoe.es\/index.php\/wp-json\/wp\/v2\/tags?post=3994"}],"curies":[{"name":"wp","href":"https:\/\/api.w.org\/{rel}","templated":true}]}}