{"id":3967,"date":"2019-05-22T17:09:55","date_gmt":"2019-05-22T15:09:55","guid":{"rendered":"https:\/\/www.psc-psoe.es\/?p=3967"},"modified":"2019-05-22T17:09:55","modified_gmt":"2019-05-22T15:09:55","slug":"pablo-zuloaga-ampliare-el-fondo-de-suministros-basicos-contra-la-pobreza-infantil","status":"publish","type":"post","link":"https:\/\/www.psc-psoe.es\/index.php\/2019\/05\/22\/pablo-zuloaga-ampliare-el-fondo-de-suministros-basicos-contra-la-pobreza-infantil\/","title":{"rendered":"Pablo Zuloaga: \u201cAmpliar\u00e9 el Fondo de Suministros B\u00e1sicos contra la pobreza infantil\u201d"},"content":{"rendered":"<p>El secretario general del PSC-PSOE y candidato a la Presidencia de Cantabria, Pablo Zuloaga ha asegurado que si lidera el pr\u00f3ximo Gobierno regional el Fondo de Suministros B\u00e1sicos ser\u00e1 \u201cuna pieza clave en la pr\u00f3xima legislatura, para que la pobreza infantil en nuestra comunidad deje de existir en Cantabria.<\/p>\n<p>Paralelamente se ha comprometido a aprobar y desarrollar una ley de Renta Social B\u00e1sica \u201cpara que nadie se quede atr\u00e1s\u201d.<\/p>\n<p>As\u00ed lo ha manifestado Zuloaga despu\u00e9s de asistir con varios miembros de su candidatura regional a la Cocina Econ\u00f3mica de Santander. Desde all\u00ed, ha se\u00f1alado que el PSOE pondr\u00e1 el \u201cfoco\u201d en la Agenda 2030 del Gobierno de Pedro S\u00e1nchez sobre la infancia porque ha continuado \u201cla falta de recursos pone en peligro la evoluci\u00f3n de los ni\u00f1os y ni\u00f1as como personas\u201d.<\/p>\n<p>El candidato a la Presidencia ha afirmado que el PSOE &#8220;tiene varias cosas claras en esta campa\u00f1a electoral&#8221;, como ha precisado \u201csalir a defender lo p\u00fablico y a trabajar porque en Cantabria nadie se quede atr\u00e1s&#8221;.<\/p>\n<p>\u201cPara los y las socialistas es prioritario avanzar en un sistema p\u00fablico de servicios sociales, para consolidarlo como el cuarto pilar del Estado del Bienestar\u201d, ha destacado.<\/p>\n<p><strong>Coordinaci\u00f3n de los servicios sociales<\/strong><\/p>\n<p>Asimismo, el l\u00edder de los socialistas c\u00e1ntabros ha apostado por \u201casegurar desde las instituciones, el Gobierno de Cantabria y tambi\u00e9n los ayuntamientos, una buena labor de coordinaci\u00f3n con los servicios sociales\u201d.<\/p>\n<p>\u201cTiene que existir una colaboraci\u00f3n entre las administraciones y las instituciones de Cantabria para que las personas sin hogar tengan garantizados sus derechos y eso hay que asegurarlo desde lo p\u00fablico&#8221;, ha enfatizado.<\/p>\n<p>Seg\u00fan ha manifestado, el actual Gobierno de Cantabria &#8220;lleva cuatro a\u00f1os revirtiendo todos los recortes que llev\u00f3 a cabo el PP en materia de dependencia y atenci\u00f3n social&#8221;. \u201cEl PSOE puede decir alto y claro que cuando gobierna, lo hace con un compromiso claro, por esta sensibilidad y porque Cantabria sea una tierra mejor&#8221;, ha reiterado.<\/p>\n<p>En este sentido, ha remarcado el compromiso &#8220;claro&#8221; del PSOE para los pr\u00f3ximos cuatro a\u00f1os de &#8220;seguir gestionando bien el entramado social que soporta los servicios sociales b\u00e1sicos que garantizan la calidad de vida de la gente; y trabajar por esa bolsa de viviendas que tenemos que desarrollar desde lo p\u00fablico, con viviendas de alquiler que garanticen el acceso a la vivienda digna&#8221;, ha dicho, subrayando, que, por lo tanto, &#8220;tenemos mucho que hacer&#8221;.<\/p>\n<p>Zuloaga ha advertido a los c\u00e1ntabros que en las elecciones del 26 de mayo del pr\u00f3ximo domingo, &#8220;tienen que pensar en la Cantabria que quieren, pensando tambi\u00e9n que Cantabria no puede dejar a nadie atr\u00e1s&#8221;.<\/p>\n<p>Por \u00faltimo, ha agradecido la labor de los &#8220;muchos voluntarios sociales\u201d que desarrollan su labor en instituciones como la Cocina Econ\u00f3mica de Santander, &#8220;acompa\u00f1ando a las personas que peor lo est\u00e1n pasando y que desde el Gobierno de Cantabria tambi\u00e9n vamos a respaldar&#8221;, ha concluido.<\/p>\n","protected":false},"excerpt":{"rendered":"<p>El secretario general del PSC-PSOE y candidato a la Presidencia de Cantabria, Pablo Zuloaga ha asegurado que si lidera el pr\u00f3ximo Gobierno regional el Fondo de Suministros B\u00e1sicos ser\u00e1 \u201cuna pieza clave en la pr\u00f3xima legislatura, para que la pobreza infantil en nuestra comunidad deje de existir en Cantabria. Paralelamente se ha comprometido a aprobar [&hellip;]<\/p>\n","protected":false},"author":2,"featured_media":3968,"comment_status":"open","ping_status":"closed","sticky":false,"template":"","format":"standard","meta":{"tdm_status":"","tdm_grid_status":"","footnotes":""},"categories":[1],"tags":[],"class_list":["post-3967","post","type-post","status-publish","format-standard","has-post-thumbnail","hentry","category-uncategorized"],"_links":{"self":[{"href":"https:\/\/www.psc-psoe.es\/index.php\/wp-json\/wp\/v2\/posts\/3967","targetHints":{"allow":["GET"]}}],"collection":[{"href":"https:\/\/www.psc-psoe.es\/index.php\/wp-json\/wp\/v2\/posts"}],"about":[{"href":"https:\/\/www.psc-psoe.es\/index.php\/wp-json\/wp\/v2\/types\/post"}],"author":[{"embeddable":true,"href":"https:\/\/www.psc-psoe.es\/index.php\/wp-json\/wp\/v2\/users\/2"}],"replies":[{"embeddable":true,"href":"https:\/\/www.psc-psoe.es\/index.php\/wp-json\/wp\/v2\/comments?post=3967"}],"version-history":[{"count":0,"href":"https:\/\/www.psc-psoe.es\/index.php\/wp-json\/wp\/v2\/posts\/3967\/revisions"}],"wp:featuredmedia":[{"embeddable":true,"href":"https:\/\/www.psc-psoe.es\/index.php\/wp-json\/wp\/v2\/media\/3968"}],"wp:attachment":[{"href":"https:\/\/www.psc-psoe.es\/index.php\/wp-json\/wp\/v2\/media?parent=3967"}],"wp:term":[{"taxonomy":"category","embeddable":true,"href":"https:\/\/www.psc-psoe.es\/index.php\/wp-json\/wp\/v2\/categories?post=3967"},{"taxonomy":"post_tag","embeddable":true,"href":"https:\/\/www.psc-psoe.es\/index.php\/wp-json\/wp\/v2\/tags?post=3967"}],"curies":[{"name":"wp","href":"https:\/\/api.w.org\/{rel}","templated":true}]}}