{"id":3954,"date":"2019-05-21T15:09:16","date_gmt":"2019-05-21T13:09:16","guid":{"rendered":"https:\/\/www.psc-psoe.es\/?p=3954"},"modified":"2019-05-21T21:53:58","modified_gmt":"2019-05-21T19:53:58","slug":"los-parlamentarios-socialistas-de-cantabria-aseguran-la-financiacion-de-los-servicios-publicos-de-la-comunidad","status":"publish","type":"post","link":"https:\/\/www.psc-psoe.es\/index.php\/2019\/05\/21\/los-parlamentarios-socialistas-de-cantabria-aseguran-la-financiacion-de-los-servicios-publicos-de-la-comunidad\/","title":{"rendered":"Los parlamentarios socialistas de Cantabria aseguran la financiaci\u00f3n de los servicios p\u00fablicos de la comunidad"},"content":{"rendered":"<p>Luis santos Clemente en nombre del resto de los parlamentarios c\u00e1ntabros socialistas ha mostrado su satisfacci\u00f3n \u201cpor poder representar los intereses de los y las c\u00e1ntabras en las Cortes Generales\u201d.<\/p>\n<p>Los cinco parlamentario del PSOE de Cantabria, Luis Santos Clemente, Mar\u00eda Jes\u00fas Calva, Isabel Fern\u00e1ndez, Gustavo Garc\u00eda y Roc\u00edo R\u00e1bago se han trasladado este martes a Madrid para tomar posesi\u00f3n como diputados y diputadas y senadores y senadoras en el con<\/p>\n<p>Clemente, ha asegurado que los cinco parlamentarios c\u00e1ntabros van a trabajar \u201csin descanso para asegurar desde Madrid la financiaci\u00f3n de los servicios p\u00fablicos de Cantabria\u201d, entre ellos ha destacado la del Hospital Universitario Marqu\u00e9s de Valdecilla, una de las primeras cuestiones que, seg\u00fan ha asegurado el diputado c\u00e1ntabro, \u201ccentrar\u00e1n las propuestas de los socialistas del Grupo Parlamentario Socialista\u201d.<\/p>\n<p>Luis Santos Clemente ha recordado adem\u00e1s su etapa sindical para asegurar que trabajar\u00e1n tambi\u00e9n \u201cpor la defensa de los derechos de los trabajadores y trabajadoras \u201cy en ese sentido ha querido recordar el compromiso del PSOE por derogar los aspectos m\u00e1s lesivos de la reforma laboral del PP.<\/p>\n<p>Por su parte, Mar\u00eda Jes\u00fas Calva ha comprometido medidas concretas para \u201cpaliar la brecha digital en Cantabria\u201d y acciones encaminadas a iniciar la transici\u00f3n ecol\u00f3gica y energ\u00e9tica en la regi\u00f3n, cuestiones ambas definidas por la diputada de Camargo como \u201ctransversales\u201d para el futuro de la comunidad.<\/p>\n<p>Los dos diputados y los tres senadores han asegurado que su objetivo prioritario es \u201cseguir avanzando en la Espa\u00f1a de progreso de Pedro S\u00e1nchez y trabajar para que desde el parlamento de Espa\u00f1a se legisle en materia de derechos y libertades para los ciudadanos y ciudadanas\u201d. <\/p>\n<p>\u201cQueremos avanzar en igualdad, ese es uno de nuestros objetivos prioritarios y trabajaremos para conseguir una Cantabria y una Espa\u00f1a en la que las mujeres tengan los mismos derechos, los mismos salarios y las mismas oportunidades que los hombres\u201d, ha reiterado.<br \/>\n <strong><br \/>\nOficina parlamentaria en Cantabria<\/strong><\/p>\n<p>Tanto Luis Santos Clemente y Mar\u00eda Jes\u00fas Calva en el Congreso como Isabel Fern\u00e1ndez, Gustavo Garc\u00eda y Roc\u00edo R\u00e1bago en el Senado, han confirmado la apertura de una oficina parlamentaria en la sede regional del partido de la calle Bonifaz.<\/p>\n<p>Adem\u00e1s han aclarado que dos veces al mes visitar\u00e1n las agrupaciones locales y comarcales que los socialistas tienen repartidas por todo el territorio.<\/p>\n","protected":false},"excerpt":{"rendered":"<p>Luis santos Clemente en nombre del resto de los parlamentarios c\u00e1ntabros socialistas ha mostrado su satisfacci\u00f3n \u201cpor poder representar los intereses de los y las c\u00e1ntabras en las Cortes Generales\u201d. Los cinco parlamentario del PSOE de Cantabria, Luis Santos Clemente, Mar\u00eda Jes\u00fas Calva, Isabel Fern\u00e1ndez, Gustavo Garc\u00eda y Roc\u00edo R\u00e1bago se han trasladado este martes [&hellip;]<\/p>\n","protected":false},"author":2,"featured_media":3955,"comment_status":"open","ping_status":"closed","sticky":false,"template":"","format":"standard","meta":{"tdm_status":"","tdm_grid_status":"","footnotes":""},"categories":[1],"tags":[],"class_list":["post-3954","post","type-post","status-publish","format-standard","has-post-thumbnail","hentry","category-uncategorized"],"_links":{"self":[{"href":"https:\/\/www.psc-psoe.es\/index.php\/wp-json\/wp\/v2\/posts\/3954","targetHints":{"allow":["GET"]}}],"collection":[{"href":"https:\/\/www.psc-psoe.es\/index.php\/wp-json\/wp\/v2\/posts"}],"about":[{"href":"https:\/\/www.psc-psoe.es\/index.php\/wp-json\/wp\/v2\/types\/post"}],"author":[{"embeddable":true,"href":"https:\/\/www.psc-psoe.es\/index.php\/wp-json\/wp\/v2\/users\/2"}],"replies":[{"embeddable":true,"href":"https:\/\/www.psc-psoe.es\/index.php\/wp-json\/wp\/v2\/comments?post=3954"}],"version-history":[{"count":0,"href":"https:\/\/www.psc-psoe.es\/index.php\/wp-json\/wp\/v2\/posts\/3954\/revisions"}],"wp:featuredmedia":[{"embeddable":true,"href":"https:\/\/www.psc-psoe.es\/index.php\/wp-json\/wp\/v2\/media\/3955"}],"wp:attachment":[{"href":"https:\/\/www.psc-psoe.es\/index.php\/wp-json\/wp\/v2\/media?parent=3954"}],"wp:term":[{"taxonomy":"category","embeddable":true,"href":"https:\/\/www.psc-psoe.es\/index.php\/wp-json\/wp\/v2\/categories?post=3954"},{"taxonomy":"post_tag","embeddable":true,"href":"https:\/\/www.psc-psoe.es\/index.php\/wp-json\/wp\/v2\/tags?post=3954"}],"curies":[{"name":"wp","href":"https:\/\/api.w.org\/{rel}","templated":true}]}}