{"id":3918,"date":"2019-05-18T15:30:05","date_gmt":"2019-05-18T13:30:05","guid":{"rendered":"https:\/\/www.psc-psoe.es\/?p=3918"},"modified":"2019-05-18T15:30:05","modified_gmt":"2019-05-18T13:30:05","slug":"pablo-zuloaga-si-el-pp-y-cs-gobiernan-torrelavega-retrocedera-en-industria-y-en-servicios-sociales","status":"publish","type":"post","link":"https:\/\/www.psc-psoe.es\/index.php\/2019\/05\/18\/pablo-zuloaga-si-el-pp-y-cs-gobiernan-torrelavega-retrocedera-en-industria-y-en-servicios-sociales\/","title":{"rendered":"Pablo Zuloaga: \u201cSi el PP y Cs gobiernan, Torrelavega retroceder\u00e1 en industria y en servicios sociales\u201d"},"content":{"rendered":"<p>El secretario general del PSC-PSOE y candidato a la Presidencia del Gobierno de Cantabria, Pablo Zuloaga ha asegurado que \u201csi el PP y Cs gobiernan, Torrelavega retroceder\u00e1 en industria y en servicios sociales\u201d.<\/p>\n<p>As\u00ed lo ha advertido Zuloaga en un acto p\u00fablico celebrado este s\u00e1bado en el colegio Jos\u00e9 Luis Hidalgo junto al candidato a revalidar la Alcald\u00eda de la capital del Besaya, Jos\u00e9 Manuel Cruz Viadero.<\/p>\n<p>En este acto, el l\u00edder de los socialistas c\u00e1ntabros ha reiterado que \u201cno hay nadie m\u00e1s preocupado por sus vecinos y vecinas que Cruz Viadero\u201d por ello, ha agregado, \u201cquedan ocho d\u00edas para conseguir una marea de votos que el pr\u00f3ximo 26 de mayo vuelvan a convertirle en alcalde de la capital del Besaya con mucha fuerza y menos mochilas\u201d.<\/p>\n<p>En este sentido, ha afirmado que \u201cel 28 de abril conseguimos parar a las derechas en Madrid y ahora tenemos nosotros ese reto, porque esa misma derecha es la que se presenta el 26 de mayo en nuestra comunidad, la misma que no tiene ninguna verg\u00fcenza en decir lo que quieren para nuestra regi\u00f3n\u201d, ha subrayado.<\/p>\n<p>\u201cEn Torrelavega y en Cantabria no queremos que el PP gobierne porque ya conocemos su gesti\u00f3n lo vivimos cuando abandonaron el Hospital de Sierrallana, cuando quer\u00edan desmontar el sistema de dependencia y mermar lo p\u00fablico para que solo pudieran acceder unos pocos y pocas privilegiadas y en educaci\u00f3n, cuando el alumnado estudiaba en barracones\u201d, ha criticado.<\/p>\n<p>No obstante ha apostillado, ese PP de la pasada legislatura es el que \u201ctambi\u00e9n abandon\u00f3 a la industria de Torrelavega y dio la espalda a los trabajadores y trabajadores de Sniace\u201d, la misma f\u00e1brica ha dicho que en la actualidad \u201ctiene un futuro gracias a la gesti\u00f3n y la ayuda del PSOE en el Gobierno y en el Ayuntamiento\u201d.<\/p>\n<p>En este sentido, ha incidido en la necesidad de \u201cgenerar m\u00e1s empleo y m\u00e1s suelo industrial, impulsar el Pol\u00edgono Industrial de las Excavadas o trabajar para hacer realidad la pr\u00f3xima legislatura el proyecto cultural y art\u00edstico de La Lechera\u201d.<\/p>\n<p><strong>\u201cNo quiero la Cantabria de las dos velocidades\u201d<\/strong><\/p>\n<p>Por otro lado, Pablo Zuloaga ha asegurado que los socialistas no quieren \u201cuna Cantabria de dos velocidades, queremos una Cantabria en la que todas y todos tengamos las mismas oportunidades y en la que los servicios sociales como son la sanidad, la educaci\u00f3n, y la dependencia est\u00e9n garantizados a todas las personas por igual\u201d. <\/p>\n<p>\u201cTenemos dos misiones: hacer que las derechas se queden donde est\u00e1n, en la oposici\u00f3n y lograr que en el Gobierno de Cantabria est\u00e9 el PSOE y tengamos un presidente socialista con el que marcar el ritmo de nuestra regi\u00f3n\u201d, ha sostenido.<\/p>\n<p>Por su parte, el candidato socialista a la reelecci\u00f3n de la Alcald\u00eda, Jos\u00e9 M. Cruz Viadero ha destacado que dos de sus compromisos son que \u201cNueva Ciudad tendr\u00e1 un centro de mayores y un ascensor que mejore la comunicaci\u00f3n con la Plaza de las Autonom\u00edas\u201d.<\/p>\n<p>\u201cVamos a instalar un ascensor que conecte el entorno del colegio Jos\u00e9 Luis Hidalgo con la Plaza de las Autonom\u00edas. Con ello mejoramos la comunicaci\u00f3n dentro del barrio y facilitaremos los desplazamientos a las personas mayores\u201d, ha se\u00f1alado.<\/p>\n<p>Finalmente, el socialista ha anunciado que \u201cen breve, comenzar\u00e1n las obras para cubrir la pista polideportiva junto al colegio Jos\u00e9 Luis Hidalgo, se va a remodelar la Plaza Mauro Muriedas y se actuar\u00e1 en las calles del barrio para mejorarla\u201d. <\/p>\n","protected":false},"excerpt":{"rendered":"<p>El secretario general del PSC-PSOE y candidato a la Presidencia del Gobierno de Cantabria, Pablo Zuloaga ha asegurado que \u201csi el PP y Cs gobiernan, Torrelavega retroceder\u00e1 en industria y en servicios sociales\u201d. As\u00ed lo ha advertido Zuloaga en un acto p\u00fablico celebrado este s\u00e1bado en el colegio Jos\u00e9 Luis Hidalgo junto al candidato a [&hellip;]<\/p>\n","protected":false},"author":2,"featured_media":3919,"comment_status":"open","ping_status":"closed","sticky":false,"template":"","format":"standard","meta":{"tdm_status":"","tdm_grid_status":"","footnotes":""},"categories":[24],"tags":[],"class_list":["post-3918","post","type-post","status-publish","format-standard","has-post-thumbnail","hentry","category-partido"],"_links":{"self":[{"href":"https:\/\/www.psc-psoe.es\/index.php\/wp-json\/wp\/v2\/posts\/3918","targetHints":{"allow":["GET"]}}],"collection":[{"href":"https:\/\/www.psc-psoe.es\/index.php\/wp-json\/wp\/v2\/posts"}],"about":[{"href":"https:\/\/www.psc-psoe.es\/index.php\/wp-json\/wp\/v2\/types\/post"}],"author":[{"embeddable":true,"href":"https:\/\/www.psc-psoe.es\/index.php\/wp-json\/wp\/v2\/users\/2"}],"replies":[{"embeddable":true,"href":"https:\/\/www.psc-psoe.es\/index.php\/wp-json\/wp\/v2\/comments?post=3918"}],"version-history":[{"count":0,"href":"https:\/\/www.psc-psoe.es\/index.php\/wp-json\/wp\/v2\/posts\/3918\/revisions"}],"wp:featuredmedia":[{"embeddable":true,"href":"https:\/\/www.psc-psoe.es\/index.php\/wp-json\/wp\/v2\/media\/3919"}],"wp:attachment":[{"href":"https:\/\/www.psc-psoe.es\/index.php\/wp-json\/wp\/v2\/media?parent=3918"}],"wp:term":[{"taxonomy":"category","embeddable":true,"href":"https:\/\/www.psc-psoe.es\/index.php\/wp-json\/wp\/v2\/categories?post=3918"},{"taxonomy":"post_tag","embeddable":true,"href":"https:\/\/www.psc-psoe.es\/index.php\/wp-json\/wp\/v2\/tags?post=3918"}],"curies":[{"name":"wp","href":"https:\/\/api.w.org\/{rel}","templated":true}]}}