{"id":3844,"date":"2019-05-15T15:46:36","date_gmt":"2019-05-15T13:46:36","guid":{"rendered":"https:\/\/www.psc-psoe.es\/?p=3844"},"modified":"2019-05-16T13:44:46","modified_gmt":"2019-05-16T11:44:46","slug":"pablo-zuloaga-creare-aulas-de-0-a-2-anos-en-colaboracion-con-los-municipios","status":"publish","type":"post","link":"https:\/\/www.psc-psoe.es\/index.php\/2019\/05\/15\/pablo-zuloaga-creare-aulas-de-0-a-2-anos-en-colaboracion-con-los-municipios\/","title":{"rendered":"Pablo Zuloaga: \u201cCrear\u00e9 aulas de 0 a 2 a\u00f1os en colaboraci\u00f3n con los municipios\u201d"},"content":{"rendered":"<p>El secretario general del PSC-PSOE y candidato a la Presidencia de Cantabria, Pablo Zuloaga acompa\u00f1ado por el candidato socialista a la Alcald\u00eda de El Astillero, Salom\u00f3n Mart\u00edn en la Plaza del Mercado del municipio, ha asegurado que \u201cimpulsaremos en colaboraci\u00f3n con los ayuntamientos el modelo educativo de las aulas de 0 a 2 a\u00f1os, con una oferta con suficientes plazas para que todos los ni\u00f1os y ni\u00f1as de Cantabria tengan la posibilidad de ser escolarizados en dos a\u00f1os s\u00ed as\u00ed lo desea la familia\u201d. \u201c<\/p>\n<p>Esta es otra de las propuestas que el PSOE de Cantabria recoge en las 110 medidas de su programa electoral en educaci\u00f3n y a la que seg\u00fan ha explicado Zuloaga \u201cacceder\u00e1n de manera prioritaria las familias con menor renta y en las que ambos progenitores o familias monoparentales y parentales trabajen pero requieran de este servicio p\u00fablico para conciliar mejor su vida laboral y familiar\u201d.<\/p>\n<p>En este sentido el candidato a la Presidencia de Cantabria ha reiterado que para la creaci\u00f3n de aulas infantiles de 0 a 2 a\u00f1os que es el tramo que \u201cqueda pendiente\u201d es fundamental ha se\u00f1alado que \u201cexista una colaboraci\u00f3n entre el Gobierno de Cantabria y los ayuntamientos ya que con Pedro S\u00e1nchez las administraciones locales pueden asumir esta responsabilidad\u201d.<\/p>\n<p>Para el l\u00edder de los socialistas c\u00e1ntabros, \u201cla escolarizaci\u00f3n de nuestros j\u00f3venes es un \u00e1rea de trabajo fundamental\u201d y ha recordado, \u201clo demostramos implantando en nuestra comunidad la red de aulas de dos a\u00f1os siendo pioneros en Espa\u00f1a y eso ha servido para que Cantabria est\u00e9 mejor cohesionada\u201d.<\/p>\n<p>Por ello, ha insistido en la importancia de que los c\u00e1ntabros y las c\u00e1ntabras \u201caccedan a la educaci\u00f3n p\u00fablica y de calidad independientemente de donde vivan\u201d.<\/p>\n<p>\u201cEl compromiso de los socialistas con la educaci\u00f3n es \u201cclaro: mantener la calidad de nuestro sistema educativo y adem\u00e1s, seguir avanzando\u201d, ha destacado.<\/p>\n<p>Zuloaga ha destacado que desde el PSOE de Cantabria \u201capostamos por la educaci\u00f3n universal, p\u00fablica y de calidad como se\u00f1a de identidad del socialismo y como la mayor herramienta de transformaci\u00f3n social\u201d. \u201cEs el mejor ascensor social hacia la igualdad\u201d, ha resaltado.<br \/>\n <strong><br \/>\nLos compromisos del PSOE Astillero<br \/>\n <\/strong><br \/>\nPor su parte, el candidato socialista a la Alcald\u00eda de El Astillero, Salom\u00f3n Martin ha se\u00f1alado que entre los compromisos de los socialistas est\u00e1n: \u201creabrir la guarder\u00eda laboral de Morero que actualmente cerrada y sin prestar ning\u00fan servicio, dotar con ludoteca y espacios p\u00fablicos  al municipio para el disfrute de los ni\u00f1os y ni\u00f1as y tambi\u00e9n de las familias o cubrir la pista deportiva del colegio p\u00fablico Fernando de los R\u00edos para satisfacer de las demandas deportivas de los escolares y los vecinos y vecinas del municipio\u201d.<\/p>\n<p>Finalmente, Mart\u00edn ha asegurado que \u201cnuestras propuestas tienen el objetivo \u00fanico de satisfacer el inter\u00e9s com\u00fan de nuestros vecinos, presentar soluciones ambiciosas a los problemas que nuestro municipio arrastra de a\u00f1os atr\u00e1s y preservar el bienestar de la ciudadan\u00eda con acciones que mejoren su vida diaria\u201d.<\/p>\n","protected":false},"excerpt":{"rendered":"<p>El secretario general del PSC-PSOE y candidato a la Presidencia de Cantabria, Pablo Zuloaga acompa\u00f1ado por el candidato socialista a la Alcald\u00eda de El Astillero, Salom\u00f3n Mart\u00edn en la Plaza del Mercado del municipio, ha asegurado que \u201cimpulsaremos en colaboraci\u00f3n con los ayuntamientos el modelo educativo de las aulas de 0 a 2 a\u00f1os, con [&hellip;]<\/p>\n","protected":false},"author":2,"featured_media":3845,"comment_status":"open","ping_status":"closed","sticky":false,"template":"","format":"standard","meta":{"tdm_status":"","tdm_grid_status":"","footnotes":""},"categories":[24],"tags":[],"class_list":["post-3844","post","type-post","status-publish","format-standard","has-post-thumbnail","hentry","category-partido"],"_links":{"self":[{"href":"https:\/\/www.psc-psoe.es\/index.php\/wp-json\/wp\/v2\/posts\/3844","targetHints":{"allow":["GET"]}}],"collection":[{"href":"https:\/\/www.psc-psoe.es\/index.php\/wp-json\/wp\/v2\/posts"}],"about":[{"href":"https:\/\/www.psc-psoe.es\/index.php\/wp-json\/wp\/v2\/types\/post"}],"author":[{"embeddable":true,"href":"https:\/\/www.psc-psoe.es\/index.php\/wp-json\/wp\/v2\/users\/2"}],"replies":[{"embeddable":true,"href":"https:\/\/www.psc-psoe.es\/index.php\/wp-json\/wp\/v2\/comments?post=3844"}],"version-history":[{"count":0,"href":"https:\/\/www.psc-psoe.es\/index.php\/wp-json\/wp\/v2\/posts\/3844\/revisions"}],"wp:featuredmedia":[{"embeddable":true,"href":"https:\/\/www.psc-psoe.es\/index.php\/wp-json\/wp\/v2\/media\/3845"}],"wp:attachment":[{"href":"https:\/\/www.psc-psoe.es\/index.php\/wp-json\/wp\/v2\/media?parent=3844"}],"wp:term":[{"taxonomy":"category","embeddable":true,"href":"https:\/\/www.psc-psoe.es\/index.php\/wp-json\/wp\/v2\/categories?post=3844"},{"taxonomy":"post_tag","embeddable":true,"href":"https:\/\/www.psc-psoe.es\/index.php\/wp-json\/wp\/v2\/tags?post=3844"}],"curies":[{"name":"wp","href":"https:\/\/api.w.org\/{rel}","templated":true}]}}