{"id":3667,"date":"2019-05-09T15:14:44","date_gmt":"2019-05-09T13:14:44","guid":{"rendered":"https:\/\/www.psc-psoe.es\/?p=3667"},"modified":"2019-05-12T12:42:04","modified_gmt":"2019-05-12T10:42:04","slug":"pablo-zuloaga-se-compromete-a-fortalecer-las-politicas-de-empleo-e-impulsar-el-trabajo-digno","status":"publish","type":"post","link":"https:\/\/www.psc-psoe.es\/index.php\/2019\/05\/09\/pablo-zuloaga-se-compromete-a-fortalecer-las-politicas-de-empleo-e-impulsar-el-trabajo-digno\/","title":{"rendered":"Pablo Zuloaga se compromete a \u201cfortalecer las pol\u00edticas de empleo e impulsar el trabajo digno\u201d"},"content":{"rendered":"<p>El secretario general del PSC-PSOE y candidato a la Presidencia de Cantabria, Pablo Zuloaga ha asegurado que \u201cla pr\u00f3xima legislatura, Cantabria necesita fortalecer las pol\u00edticas de empleo e impulsar el trabajo digno\u201d.<\/p>\n<p>As\u00ed lo ha anunciado Zuloaga durante un desayuno informativo celebrado en el Hotel Bah\u00eda junto al secretario general del PSOE de Santander y candidato a la Alcald\u00eda de la capital c\u00e1ntabra, Pedro Casares, el consejero de Econom\u00eda, Hacienda y Empleo del Gobierno de Cantabria, Juan Jos\u00e9 Sota y la ministra de Trabajo, Migraciones y Seguridad Social del Gobierno de Espa\u00f1a, Magdalena Valerio.<\/p>\n<p>Centrado en el empleo, el l\u00edder de los socialistas c\u00e1ntabros ha se\u00f1alado que una de las prioridades del PSOE, es \u201cla lucha contra la precariedad laboral, contra los bajos salarios y por la dignificaci\u00f3n de las condiciones de trabajo\u201d.<\/p>\n<p>Por tanto ha a\u00f1adido en este sentido que \u201cen Cantabria abordaremos los problemas estructurales del mercado laboral como: el paro de larga duraci\u00f3n, la alta rotaci\u00f3n, el exceso de temporalidad y la dualidad entre trabajadores temporales e indefinidos\u201d aunque ha insistido que \u201ctodos los incentivos a la contrataci\u00f3n en nuestra regi\u00f3n se orientan a que la misma sea indefinida y a jornada completa y se continuar\u00e1 trabajando en esta l\u00ednea\u201d.<\/p>\n<p>Otras de las medidas en las que el candidato a la Presidencia ha hecho hincapi\u00e9 ha sido \u201cel fortalecimiento de la inspecci\u00f3n de trabajo y Seguridad Social para el control y seguimiento del fraude, la prevenci\u00f3n de riesgos laborales en lo que respecta a la seguridad y a salud de los trabajadores y la igualdad entre mujeres y hombres en cuanto al acceso al trabajo y a los salarios\u201d. \u201cObjetivos todos ellos en los que vamos a incidir insistentemente desde el PSOE de Cantabria\u201d, ha apostillado.<\/p>\n<p>Para ello, ha dicho, \u201cdesde el PSOE apostamos por un di\u00e1logo social continuo y permanente con los agentes sociales de nuestra comunidad para contribuir as\u00ed a un mayor crecimiento econ\u00f3mico, a m\u00e1s empleo y a un reparto equilibrado de los beneficios y esfuerzos que refuercen la cohesi\u00f3n social en Cantabria\u201d. En esta l\u00ednea, ha sostenido, \u201cpromocionaremos la negociaci\u00f3n colectiva sectorial apostando por el convenio del sector frente al convenio de empresa\u201d.<\/p>\n<p><strong>Plan espec\u00edfico de retorno de talento<\/strong><\/p>\n<p>Finalmente, Zuloaga ha anunciado \u201cun plan espec\u00edfico para Cantabria de retorno de talento, en el marco del plan aprobado por el Gobierno de Pedro S\u00e1nchez, con medidas pensadas por y para las personas que residen fuera de nuestra comunidad y desean regresar\u201d.<\/p>\n<p>Adem\u00e1s ha agregado, \u201ctambi\u00e9n queremos crear un mecanismo que sostenga la garant\u00eda juvenil, orientado a asegurar a los j\u00f3venes su primera experiencia laboral en lo que se han formado sin que tengan que abandonar su tierra\u201d.<\/p>\n<p><strong>Las propuestas de Casares<\/strong><\/p>\n<p>Por su parte, el candidato a la Alcald\u00eda de Santander, Pedro Casares ha asegurado que para el PSOE \u201cel empleo es una prioridad y vamos a situar todas las pol\u00edticas de empleo en el centro de la agenda pol\u00edtica, municipal, regional y estatal\u201d porque ha precisado, \u201ces la principal preocupaci\u00f3n de los mujeres y hombres de esta ciudad y de esta tierra\u201d.<\/p>\n<p>Casares propone \u201cla creaci\u00f3n de una concejal\u00eda de Empleo en el Ayuntamiento, que trabaje exclusivamente en esta materia\u201d, centrado en cuatro ejes.<\/p>\n<p>En este sentido quiere retomar un Pacto por el Empleo con inversi\u00f3n de 2 millones de euros en el primer presupuesto, contando con los agentes sociales y todas las administraciones p\u00fablicas. Tambi\u00e9n quiere retomar la orden de contrataci\u00f3n de desempleados para generar oportunidades laborales en la ciudad y reorientarlas a sectores estrat\u00e9gico, dise\u00f1ar un PGOU que contemple como eje prioritario las pol\u00edticas de reactivaci\u00f3n econ\u00f3mica y de suelo industrial. Y por \u00faltimo, \u201ctrabajar para reorientar toda la pol\u00edtica fiscal al servicio del empleo e incentivar a las empresas  o comercios para que pueden generar empleo en Santander con bonificaciones o reduciendo tasas municipales como las del agua, el IBI o la basura\u201d.<\/p>\n<p>El candidato a Alcalde recuerda tambi\u00e9n que la ciudad de Santander ha pasado \u201cmomentos especialmente duros\u201d en materia de empleo en estos \u00faltimos cuatro a\u00f1os, en referencia &#8211; ha dicho- a la dimisi\u00f3n de la concejala de Empleo por \u201cprevaricaci\u00f3n\u201d al inicio de la legislatura y posteriormente, \u201cperdiendo las \u00f3rdenes de contrataci\u00f3n para desempleados que el Gobierno de Cantabria pon\u00eda a disposici\u00f3n de los municipios, la contrataci\u00f3n fraudulenta a desempleados o un pacto por el empleo que se firm\u00f3 unos d\u00edas antes de las anteriores elecciones sin contar con los agentes sociales y sin presupuestos\u201d. \u201cEse es el balance de las pol\u00edticas de empleo en Santander en los \u00faltimos a\u00f1os\u201d, ha criticado.<\/p>\n<p>Por tanto, ha dicho lo que los socialistas proponen es \u201ces mirar el futuro y actuar de manera urgente porque por pol\u00edticas como las del empleo es tan importante el cambio de Santander\u201d.<br \/>\n<strong><br \/>\n\u201cLlevamos la reforma laboral en la agenda del cambio\u201d<\/strong><\/p>\n<p>Finalmente, la ministra de Trabajo, Migraciones y Seguridad Social del Gobierno de Espa\u00f1a, Magdalena Valerio ha hablado del compromiso del PSOE de revertir los aspectos m\u00e1s lesivos de la reforma laboral. &#8220;El acuerdo de retoque de los aspectos m\u00e1s lesivos de la reforma laboral ha descarrilado en cuanto se convocaron las elecciones, igual que ha pasado con el Pacto de Toledo en materia de pensiones&#8221;.<\/p>\n<p>No obstante, ha recalcado que a nadie le debe caber la menor duda de que \u201cuna vez que pasen las elecciones y cuando se constituyan las C\u00e1maras y haya un nuevo Gobierno, se impulsar\u00e1 esa reforma\u201d.&#8221;Lo llevamos en la agenda del cambio, va en el programa laboral&#8221;, ha resaltado.<\/p>\n<p>Adem\u00e1s, ha se\u00f1alado que el Estatuto de los Trabajadores, que es de 1980, \u201ces una norma ya muy remendada con m\u00e1s de 50 reformas, y que por tanto \u201chay que adecuar a la nueva realidad de las relaciones de trabajo\u201d.<\/p>\n<p>Finalmente, Valerio ha asegurado que \u201ctiene que existir una coordinaci\u00f3n entre las administraciones locales, regionales y estatales porque todos tenemos la misma visi\u00f3n, los mismo m\u00e9todos y mucho di\u00e1logo social\u201d.   <\/p>\n","protected":false},"excerpt":{"rendered":"<p>El secretario general del PSC-PSOE y candidato a la Presidencia de Cantabria, Pablo Zuloaga ha asegurado que \u201cla pr\u00f3xima legislatura, Cantabria necesita fortalecer las pol\u00edticas de empleo e impulsar el trabajo digno\u201d. As\u00ed lo ha anunciado Zuloaga durante un desayuno informativo celebrado en el Hotel Bah\u00eda junto al secretario general del PSOE de Santander y [&hellip;]<\/p>\n","protected":false},"author":2,"featured_media":3668,"comment_status":"closed","ping_status":"closed","sticky":false,"template":"","format":"standard","meta":{"tdm_status":"","tdm_grid_status":"","footnotes":""},"categories":[24],"tags":[],"class_list":["post-3667","post","type-post","status-publish","format-standard","has-post-thumbnail","hentry","category-partido"],"_links":{"self":[{"href":"https:\/\/www.psc-psoe.es\/index.php\/wp-json\/wp\/v2\/posts\/3667","targetHints":{"allow":["GET"]}}],"collection":[{"href":"https:\/\/www.psc-psoe.es\/index.php\/wp-json\/wp\/v2\/posts"}],"about":[{"href":"https:\/\/www.psc-psoe.es\/index.php\/wp-json\/wp\/v2\/types\/post"}],"author":[{"embeddable":true,"href":"https:\/\/www.psc-psoe.es\/index.php\/wp-json\/wp\/v2\/users\/2"}],"replies":[{"embeddable":true,"href":"https:\/\/www.psc-psoe.es\/index.php\/wp-json\/wp\/v2\/comments?post=3667"}],"version-history":[{"count":0,"href":"https:\/\/www.psc-psoe.es\/index.php\/wp-json\/wp\/v2\/posts\/3667\/revisions"}],"wp:featuredmedia":[{"embeddable":true,"href":"https:\/\/www.psc-psoe.es\/index.php\/wp-json\/wp\/v2\/media\/3668"}],"wp:attachment":[{"href":"https:\/\/www.psc-psoe.es\/index.php\/wp-json\/wp\/v2\/media?parent=3667"}],"wp:term":[{"taxonomy":"category","embeddable":true,"href":"https:\/\/www.psc-psoe.es\/index.php\/wp-json\/wp\/v2\/categories?post=3667"},{"taxonomy":"post_tag","embeddable":true,"href":"https:\/\/www.psc-psoe.es\/index.php\/wp-json\/wp\/v2\/tags?post=3667"}],"curies":[{"name":"wp","href":"https:\/\/api.w.org\/{rel}","templated":true}]}}