{"id":3577,"date":"2019-05-03T14:03:15","date_gmt":"2019-05-03T12:03:15","guid":{"rendered":"https:\/\/www.psc-psoe.es\/?p=3577"},"modified":"2019-05-03T16:00:30","modified_gmt":"2019-05-03T14:00:30","slug":"el-psoe-presenta-su-campana-bajo-el-lema-cantabria-por-lo-que-mas-quieres","status":"publish","type":"post","link":"https:\/\/www.psc-psoe.es\/index.php\/2019\/05\/03\/el-psoe-presenta-su-campana-bajo-el-lema-cantabria-por-lo-que-mas-quieres\/","title":{"rendered":"El PSOE presenta su campa\u00f1a bajo el lema \u201cCantabria, por lo que m\u00e1s quieres\u201d"},"content":{"rendered":"<p>\nLa secretaria de Organizaci\u00f3n del PSC-PSOE, Noelia Cobo ha presentado la campa\u00f1a electoral bajo el lema \u201cCantabria, por lo que m\u00e1s quieres\u201d.<\/p>\n<p>Una campa\u00f1a que seg\u00fan ha explicado Cobo, \u201cla afrontamos con el compromiso de seguir defendiendo los valores de la defensa de la democracia y el progreso social\u201d y que ha agregado, \u201cpretende llevar a todos los municipios de Cantabria el mensaje del Partido Socialista\u201d, despu\u00e9s de ganar las elecciones en esta comunidad 26 a\u00f1os despu\u00e9s.<\/p>\n<p>En esta l\u00ednea, ha se\u00f1alado que \u201cla campa\u00f1a que hemos dise\u00f1ado est\u00e1 basada en la cercan\u00eda de los candidatos locales y regionales con el electorado y se convertir\u00e1 en la manera de movilizar a la ciudadan\u00eda de nuestra regi\u00f3n\u201d porque seg\u00fan ha opinado, \u201ccuando hay movilizaci\u00f3n se puede parar a la derecha retr\u00f3grada que ni cree en el municipalismo ni en el Gobierno regional y pretende restar competencias a los ayuntamientos porque ni creen en la cohesi\u00f3n social ni creen en la cohesi\u00f3n territorial\u201d.<\/p>\n<p>Frente a ello, ha reiterado \u201cel PSOE apuesta por el municipalismo y para que los municipios sean el primer dique de contenci\u00f3n de las pol\u00edticas nefastas de la derecha\u201d.<\/p>\n<p>\u201cEl PSOE se presenta a las elecciones del 26 de mayo como el \u00fanico partido capaz de parar la amenaza de la ultraderecha\u201d, ha insistido.<\/p>\n<p>La n\u00famero dos de los socialistas c\u00e1ntabros ha precisado que \u201csabemos que ganar no es suficiente, sino que hay que ganar bien para asegurar un gobierno de progreso en la mayor\u00eda de municipios\u201d.<\/p>\n<p>Asimismo, ha destacado que \u201chacemos frente a esta campa\u00f1a con la ilusi\u00f3n por llenar de socialismo todos los rincones de Cantabria y pidiendo a la ciudadan\u00eda la confianza en nuestros candidatos y candidatas\u201d porque ha continuado, \u201csin ellos y ellas, la garant\u00eda de sus pueblos puede seguir avanzando\u201d.<\/p>\n<p>\u201cHemos dado a la ciudadan\u00eda razones para confiar en nuestro proyecto, razones para ir siempre hacia delante y ahora es el momento de luchar por Cantabria por la que m\u00e1s quieres\u201d, ha resaltado.<\/p>\n<p><strong>Los 7 ejes principales de la campa\u00f1a<\/strong><\/p>\n<p>La dirigente socialista ha informado de que \u201cla campa\u00f1a del PSOE de Cantabria girar\u00e1 en torno a siete ejes principales que son: por la Cantabria para vivir, por la Cantabria del conocimiento, por la Cantabria de las oportunidades, por la Cantabria diversa y feminista, por la Cantabria sostenible y ecol\u00f3gica, por la Cantabria moderna y abierta al mundo y por la Cantabria joven\u201d<\/p>\n<p>\u201cQueremos que nuestro lema Cantabria, por lo que m\u00e1s quieres sea un elemento movilizador para los c\u00e1ntabros y las c\u00e1ntabras y este 26 de mayo, vuelvan hacer del Partido Socialista la primera fuerza pol\u00edtica en Cantabria\u201d, ha resaltado.<\/p>\n<p>Finalmente, Noelia Cobo ha asegurado que el arranque de la campa\u00f1a electoral ser\u00e1 en Pe\u00f1a Herbosa y a partir de ah\u00ed \u201crecorreremos todo Cantabria explicando nuestro proyecto socialista junto a los candidatos y candidatas municipales\u201d. Adem\u00e1s, ha concluido \u201cdesarrollaremos actos tanto por las ma\u00f1anas como por las tardes,  habilitaremos un espacio virtual para que la ciudadan\u00eda pueda preguntar sus dudas o inquietudes y desde el partido y con el mismo objetivo, habilitaremos una l\u00ednea de Whatssap\u201d.  <\/p>\n","protected":false},"excerpt":{"rendered":"<p>La secretaria de Organizaci\u00f3n del PSC-PSOE, Noelia Cobo ha presentado la campa\u00f1a electoral bajo el lema \u201cCantabria, por lo que m\u00e1s quieres\u201d. Una campa\u00f1a que seg\u00fan ha explicado Cobo, \u201cla afrontamos con el compromiso de seguir defendiendo los valores de la defensa de la democracia y el progreso social\u201d y que ha agregado, \u201cpretende llevar [&hellip;]<\/p>\n","protected":false},"author":2,"featured_media":3578,"comment_status":"open","ping_status":"closed","sticky":false,"template":"","format":"standard","meta":{"tdm_status":"","tdm_grid_status":"","footnotes":""},"categories":[1],"tags":[],"class_list":["post-3577","post","type-post","status-publish","format-standard","has-post-thumbnail","hentry","category-uncategorized"],"_links":{"self":[{"href":"https:\/\/www.psc-psoe.es\/index.php\/wp-json\/wp\/v2\/posts\/3577","targetHints":{"allow":["GET"]}}],"collection":[{"href":"https:\/\/www.psc-psoe.es\/index.php\/wp-json\/wp\/v2\/posts"}],"about":[{"href":"https:\/\/www.psc-psoe.es\/index.php\/wp-json\/wp\/v2\/types\/post"}],"author":[{"embeddable":true,"href":"https:\/\/www.psc-psoe.es\/index.php\/wp-json\/wp\/v2\/users\/2"}],"replies":[{"embeddable":true,"href":"https:\/\/www.psc-psoe.es\/index.php\/wp-json\/wp\/v2\/comments?post=3577"}],"version-history":[{"count":0,"href":"https:\/\/www.psc-psoe.es\/index.php\/wp-json\/wp\/v2\/posts\/3577\/revisions"}],"wp:featuredmedia":[{"embeddable":true,"href":"https:\/\/www.psc-psoe.es\/index.php\/wp-json\/wp\/v2\/media\/3578"}],"wp:attachment":[{"href":"https:\/\/www.psc-psoe.es\/index.php\/wp-json\/wp\/v2\/media?parent=3577"}],"wp:term":[{"taxonomy":"category","embeddable":true,"href":"https:\/\/www.psc-psoe.es\/index.php\/wp-json\/wp\/v2\/categories?post=3577"},{"taxonomy":"post_tag","embeddable":true,"href":"https:\/\/www.psc-psoe.es\/index.php\/wp-json\/wp\/v2\/tags?post=3577"}],"curies":[{"name":"wp","href":"https:\/\/api.w.org\/{rel}","templated":true}]}}