{"id":3369,"date":"2019-04-18T18:41:22","date_gmt":"2019-04-18T17:41:22","guid":{"rendered":"https:\/\/www.psc-psoe.es\/?p=3369"},"modified":"2019-04-18T18:41:22","modified_gmt":"2019-04-18T17:41:22","slug":"el-psoe-se-compromete-a-impulsar-en-el-barrio-pesquero-un-certamen-de-habaneras-en-homenaje-a-alberto-pico","status":"publish","type":"post","link":"https:\/\/www.psc-psoe.es\/index.php\/2019\/04\/18\/el-psoe-se-compromete-a-impulsar-en-el-barrio-pesquero-un-certamen-de-habaneras-en-homenaje-a-alberto-pico\/","title":{"rendered":"El PSOE se compromete a impulsar en el Barrio Pesquero un certamen de habaneras en homenaje a Alberto Pico"},"content":{"rendered":"<p>El secretario general del PSOE y candidato a la Alcald\u00eda de Santander, Pedro Casares, se compromete a impulsar en el Barrio Pesquero un certamen de habaneras en homenaje a Alberto Pico.<\/p>\n<p>Casares, acompa\u00f1ado del director, Jos\u00e9 Ram\u00f3n R\u00edoz, y parte de los integrantes del coro Amigos de la Mar, ha anunciado una iniciativa \u201cque pretende recordar a quienes dedicaron su vida a hacer del Barrio Pesquero un lugar \u00fanico de Santander\u201d.<\/p>\n<p>Un certamen de habaneras, como con las que disfrutaba el hist\u00f3rico p\u00e1rroco del Barrio Pesquero, Alberto Pico, en el que se contar\u00e1 con todos los coros de la ciudad y de Cantabria y en el que quieren que participen tambi\u00e9n otros coros de comunidades aut\u00f3nomas lim\u00edtrofes como Euskadi o el Principado de Asturias.<\/p>\n<p>Adem\u00e1s de a Alberto Pico, se quiere rendir homenaje a los cuatro p\u00e1rrocos emblem\u00e1ticos del Barrio Pesquero, \u201cporque estas calles, el color, la alegr\u00eda y la vida de este barrio no se entender\u00edan sin su presencia\u201d.<\/p>\n<p>De esta forma, se quiere recordar a Guillermo Altuna, fundador de la escuela infantil del barrio, Miguel Bravo y Juli\u00e1n Torre. \u201cTodos ellos fueron transmisores de valores y dinamizadores y ayudaron a que muchas familias, en tiempos dif\u00edciles, salieran adelante y pudieran tener una vida digna\u201d ha se\u00f1alado el edil.<\/p>\n<p><strong>Triple homenaje<\/strong><\/p>\n<p>Por ello, Casares ha afirmado que \u201ces un triple homenaje\u201d. En primer lugar, a una persona como Alberto Pico \u201cque dejo su vida por este barrio, siempre luchando con ese compromiso social que le caracterizaba, y con el que la ciudad de Santander tiene una deuda\u201d.<\/p>\n<p>Un segundo homenaje a los hombres y mujeres de la mar, en un barrio como el Barrio Pesquero \u201cque guarda la esencia de lo que tiempo atr\u00e1s fue Santander\u201d, tenemos una obligaci\u00f3n de recordar a los que sal\u00edan a la mar, a las mujeres que se quedaban, a las rederas, a todos y todas los que han hecho aqu\u00ed un rinc\u00f3n especial de la ciudad\u201d. Y un tercer homenaje a quienes dedican su vida a la m\u00fasica, a hacer de Santander una ciudad m\u00e1s alegre, como el coro Amigos de la Mar, fundado en el Barrio Pesquero en 1987.<\/p>\n<p>El dirigente socialista ha se\u00f1alado que el compromiso \u201ces firme\u201d y espera a partir del 26 de mayo \u201chacerlo realidad como alcalde de Santander\u201d. \u201cNada me har\u00eda estar m\u00e1s orgulloso que poder recordar aqu\u00ed, en el Barrio Pesquero, con m\u00fasica y alegr\u00eda, a tanta buena gente que ha dedicado su vida a mejorar Santander\u201d ha subrayado.<\/p>\n<p>\u201cEstemos donde estemos, pase lo que pase a partir del 26 de mayo, vamos a ser aliados de la m\u00fasica y de coro como el coro de Amigos de la Mar para que ideas como el certamen de habaneras tengan recorrido durante mucho tiempo en nuestra ciudad\u201d ha concluido.<\/p>\n<p>Finalmente, Pedro Casares, acompa\u00f1ado entre otros integrantes de la candidatura municipal por el rabelista Chema Puente, han acompa\u00f1ado al coro a cantar por diferentes establecimientos hosteleros del Barrio Pesquero. <\/p>\n","protected":false},"excerpt":{"rendered":"<p>El secretario general del PSOE y candidato a la Alcald\u00eda de Santander, Pedro Casares, se compromete a impulsar en el Barrio Pesquero un certamen de habaneras en homenaje a Alberto Pico. Casares, acompa\u00f1ado del director, Jos\u00e9 Ram\u00f3n R\u00edoz, y parte de los integrantes del coro Amigos de la Mar, ha anunciado una iniciativa \u201cque pretende [&hellip;]<\/p>\n","protected":false},"author":2,"featured_media":3370,"comment_status":"open","ping_status":"open","sticky":false,"template":"","format":"standard","meta":{"tdm_status":"","tdm_grid_status":"","footnotes":""},"categories":[20,16],"tags":[],"class_list":["post-3369","post","type-post","status-publish","format-standard","has-post-thumbnail","hentry","category-santander","category-noticias-santander"],"_links":{"self":[{"href":"https:\/\/www.psc-psoe.es\/index.php\/wp-json\/wp\/v2\/posts\/3369","targetHints":{"allow":["GET"]}}],"collection":[{"href":"https:\/\/www.psc-psoe.es\/index.php\/wp-json\/wp\/v2\/posts"}],"about":[{"href":"https:\/\/www.psc-psoe.es\/index.php\/wp-json\/wp\/v2\/types\/post"}],"author":[{"embeddable":true,"href":"https:\/\/www.psc-psoe.es\/index.php\/wp-json\/wp\/v2\/users\/2"}],"replies":[{"embeddable":true,"href":"https:\/\/www.psc-psoe.es\/index.php\/wp-json\/wp\/v2\/comments?post=3369"}],"version-history":[{"count":0,"href":"https:\/\/www.psc-psoe.es\/index.php\/wp-json\/wp\/v2\/posts\/3369\/revisions"}],"wp:featuredmedia":[{"embeddable":true,"href":"https:\/\/www.psc-psoe.es\/index.php\/wp-json\/wp\/v2\/media\/3370"}],"wp:attachment":[{"href":"https:\/\/www.psc-psoe.es\/index.php\/wp-json\/wp\/v2\/media?parent=3369"}],"wp:term":[{"taxonomy":"category","embeddable":true,"href":"https:\/\/www.psc-psoe.es\/index.php\/wp-json\/wp\/v2\/categories?post=3369"},{"taxonomy":"post_tag","embeddable":true,"href":"https:\/\/www.psc-psoe.es\/index.php\/wp-json\/wp\/v2\/tags?post=3369"}],"curies":[{"name":"wp","href":"https:\/\/api.w.org\/{rel}","templated":true}]}}