{"id":3363,"date":"2019-04-18T12:35:24","date_gmt":"2019-04-18T11:35:24","guid":{"rendered":"https:\/\/www.psc-psoe.es\/?p=3363"},"modified":"2019-04-18T12:35:24","modified_gmt":"2019-04-18T11:35:24","slug":"jesus-velarde-pone-en-valor-el-trabajo-del-gobierno-de-sanchez-para-iniciar-en-junio-la-reforma-y-ampliacion-del-cuartel-de-la-guardia-civil-en-potes","status":"publish","type":"post","link":"https:\/\/www.psc-psoe.es\/index.php\/2019\/04\/18\/jesus-velarde-pone-en-valor-el-trabajo-del-gobierno-de-sanchez-para-iniciar-en-junio-la-reforma-y-ampliacion-del-cuartel-de-la-guardia-civil-en-potes\/","title":{"rendered":"Jes\u00fas Velarde pone en valor el trabajo del Gobierno de S\u00e1nchez para iniciar en junio la reforma y ampliaci\u00f3n del cuartel de la Guardia Civil en Potes"},"content":{"rendered":"<p>El candidato socialista en el Ayuntamiento de Potes, Jes\u00fas Velarde, ha valorado como positivo para la comarca de Li\u00e9bana el trabajo del Gobierno de Pedro S\u00e1nchez para que las obras\u00a0 de ampliaci\u00f3n y reforma del cuartel de la Guardia Civil en la capital lebaniega, que se prolongar\u00e1n entre 12 y 18 meses y seguir\u00e1n el proyecto del arquitecto \u00d3scar S\u00e1inz Gonz\u00e1lez, puedan comenzar enel mes de junio.<\/p>\n<p>Para Velarde \u00a0esta noticia supone un paso m\u00e1s para cumplir con el compromiso del Gobierno de Pedro S\u00e1nchez con Li\u00e9bana y con una de las reivindicaciones m\u00e1s antiguas de la Guardia Civil y las y los lebaniegos y ha destacado que el presidente del Gobierno ha logrado desatascar en s\u00f3lo 10 meses un proyecto que con el PP estaba parado y no avanzaba.<\/p>\n<p>Estas afirmaciones del candidato del PSOE a la Alcald\u00eda de Potes se producen tras un encuentro con el secretario general de los socialistas en Cantabria y candidato a la Presidencia de la Comunidad, Pablo Zuloaga, y la candidata al Senado por este partido, Roc\u00edo R\u00e1bago.<\/p>\n<p>Jes\u00fas Velarde, conocido en Potes como \u2018Josu\u2019, se ha felicitado por el empe\u00f1o de Pablo Zuloaga en los meses que fue delegado del Gobiernopara que el Ministerio del Interior convierta en realidad este proyecto tan demandado por las y los lebaniegos y por Guardia Civil.<\/p>\n<p>As\u00ed, ha recordado que Pablo Zuloaga mantuvo diversas reuniones y contactos con diferentes departamentos del Ministerio de Interior para agilizar los tr\u00e1mites y que los agentes puedan trabajar y entrenar en unas instalaciones dignas, pues el cuartel tambi\u00e9n es la sede del Grupo de Rescate e Intervenci\u00f3n en Monta\u00f1a (Greim) en Cantabria.<\/p>\n<p>Sobre este \u00faltimo punto, ha \u00a0asegurado que Zuloaga se ha sumado a la Iniciativa para que el roc\u00f3dromo que se construir\u00e1 en la villa se denomine \u2018Roc\u00f3dromo Greim\u2019, pues el secretario General del\u00a0 PSOE en Cantabria cree que es de justicia reconocer el trabajo de este grupo de rescate\u00a0 que tantas vidas ha salvado en nuestras monta\u00f1as.<\/p>\n<p><strong>Financiaci\u00f3n del proyecto <\/strong><\/p>\n<p>Jes\u00fas Velarde tambi\u00e9n ha puesto en valor el esfuerzo econ\u00f3mico del Gobierno de Pedro S\u00e1nchez para sacar adelante la mejora del cuartel de la Guardia Civil en Potes, para lo que\u00a0 la Gerencia de Infraestructuras y Equipamiento de la Seguridad del Estado (GIESE) de la Secretaria de estado de Seguridad invertir\u00e1 1.441.589,41\u20ac, (1.744.323,18\u20ac\u00a0 tras aplicar impuestos).<\/p>\n<p>Adem\u00e1s, ha afirmado que la transformaci\u00f3n del interior del cuartel y la adecuaci\u00f3n de las construcciones existentes, renovando\u00a0 las cubiertas y construyendo un nuevo edificio lateral y garajes subterr\u00e1neos (adem\u00e1s de\u00a0 un nuevo edificio para las viviendas), mejorar\u00e1 las condiciones de trabajo de los agentes que velan por la seguridad en Li\u00e9bana.<\/p>\n<p>Por \u00faltimo, ha destacado que queda por delante la firma del contrato con la empresa adjudicataria tras la Semana Santa, tras lo que se reubicar\u00e1 a las familias que viven en el cuartel para poder iniciar en junio unos trabajos tan esperados en Li\u00e9bana.<\/p>\n<p><strong>Desfiladero de La Hermida<\/strong><\/p>\n<p>Por otro lado, Jes\u00fas Velarde tambi\u00e9n se ha felicitado por el avance de la segunda fase de las obras en el desfiladero de La Hermida, algo que desmiente las voces agoreras de los alcaldes del PP y el PRC que afirman que los trabajos se han parado.<\/p>\n<p>As\u00ed, \u2018Josu\u2019 Velarde ha recordado que el pasado 1 de abril se public\u00f3 en el BOE la aprobaci\u00f3n por el Ministerio de Fomento del expediente de informaci\u00f3n p\u00fablica y definitivamente el documento de expropiaciones del proyecto de trazado \u2018Mejora de la plataforma y tratamiento ambiental de la carretera N-621 de Le\u00f3n a Santander por Potes. Tramo: Castro Cillorigo \u2013 Panes. Desfiladero de la Hermida\u2019.<\/p>\n<p>Para Velarde esta actuaci\u00f3n es de vital importancia para la comarca de Li\u00e9bana, pues la N-621 es la \u00fanica v\u00eda de acceso desde la cornisa cant\u00e1brica hacia los valles de Camale\u00f1o, Li\u00e9bana y picos de Europa y tiene un tr\u00e1fico medio de 2.500 veh\u00edculos diarios, cifra que se triplica en verano por el atractivo tur\u00edstico de la zona. <\/p>\n","protected":false},"excerpt":{"rendered":"<p>El candidato socialista en el Ayuntamiento de Potes, Jes\u00fas Velarde, ha valorado como positivo para la comarca de Li\u00e9bana el trabajo del Gobierno de Pedro S\u00e1nchez para que las obras\u00a0 de ampliaci\u00f3n y reforma del cuartel de la Guardia Civil en la capital lebaniega, que se prolongar\u00e1n entre 12 y 18 meses y seguir\u00e1n el [&hellip;]<\/p>\n","protected":false},"author":2,"featured_media":3364,"comment_status":"open","ping_status":"open","sticky":false,"template":"","format":"standard","meta":{"tdm_status":"","tdm_grid_status":"","footnotes":""},"categories":[36,6],"tags":[],"class_list":["post-3363","post","type-post","status-publish","format-standard","has-post-thumbnail","hentry","category-liebana","category-agrupaciones"],"_links":{"self":[{"href":"https:\/\/www.psc-psoe.es\/index.php\/wp-json\/wp\/v2\/posts\/3363","targetHints":{"allow":["GET"]}}],"collection":[{"href":"https:\/\/www.psc-psoe.es\/index.php\/wp-json\/wp\/v2\/posts"}],"about":[{"href":"https:\/\/www.psc-psoe.es\/index.php\/wp-json\/wp\/v2\/types\/post"}],"author":[{"embeddable":true,"href":"https:\/\/www.psc-psoe.es\/index.php\/wp-json\/wp\/v2\/users\/2"}],"replies":[{"embeddable":true,"href":"https:\/\/www.psc-psoe.es\/index.php\/wp-json\/wp\/v2\/comments?post=3363"}],"version-history":[{"count":0,"href":"https:\/\/www.psc-psoe.es\/index.php\/wp-json\/wp\/v2\/posts\/3363\/revisions"}],"wp:featuredmedia":[{"embeddable":true,"href":"https:\/\/www.psc-psoe.es\/index.php\/wp-json\/wp\/v2\/media\/3364"}],"wp:attachment":[{"href":"https:\/\/www.psc-psoe.es\/index.php\/wp-json\/wp\/v2\/media?parent=3363"}],"wp:term":[{"taxonomy":"category","embeddable":true,"href":"https:\/\/www.psc-psoe.es\/index.php\/wp-json\/wp\/v2\/categories?post=3363"},{"taxonomy":"post_tag","embeddable":true,"href":"https:\/\/www.psc-psoe.es\/index.php\/wp-json\/wp\/v2\/tags?post=3363"}],"curies":[{"name":"wp","href":"https:\/\/api.w.org\/{rel}","templated":true}]}}