{"id":3337,"date":"2019-04-15T18:48:36","date_gmt":"2019-04-15T17:48:36","guid":{"rendered":"https:\/\/www.psc-psoe.es\/?p=3337"},"modified":"2019-04-15T18:48:36","modified_gmt":"2019-04-15T17:48:36","slug":"pablo-zuloaga-es-imprescindible-asumir-el-medio-rural-y-el-reto-demografico-como-claves-para-la-cohesion-territorial","status":"publish","type":"post","link":"https:\/\/www.psc-psoe.es\/index.php\/2019\/04\/15\/pablo-zuloaga-es-imprescindible-asumir-el-medio-rural-y-el-reto-demografico-como-claves-para-la-cohesion-territorial\/","title":{"rendered":"Pablo Zuloaga: \u201ces imprescindible asumir el medio rural y el reto demogr\u00e1fico como claves para la cohesi\u00f3n territorial\u201d"},"content":{"rendered":"<p>El secretario general del PSC-PSOE y candidato a la Presidencia de Cantabria, Pablo Zuloaga, ha asegurado que \u201ces imprescindible asumir el medio rural y el reto demogr\u00e1fico como claves para la cohesi\u00f3n territorial\u201d.<\/p>\n<p>As\u00ed lo ha afirmando Zuloaga durante su visita a una ganader\u00eda en Vega de Pas. All\u00ed, ha insistido en que \u201cel PSOE es el \u00fanico partido que trabaja para hacer frente a la despoblaci\u00f3n rural y as\u00ed, lo ha demostrado el Gobierno de Pedro S\u00e1nchez impulsando el Comisionado del Gobierno y la creaci\u00f3n del Foro Nacional de Despoblaci\u00f3n frente las medidas improvisadas del PP\u201d. \u201cPedro S\u00e1nchez es el \u00fanico que ha mirado de frente la realidad de la conocida como `Espa\u00f1a vac\u00eda\u00b4 aunque ahora todos quieran enarbolar la bandera de la despoblaci\u00f3n\u201d, ha matizado.<\/p>\n<p>En esta l\u00ednea, ha afirmado que entre las 110 medidas del programa socialista de cara a las elecciones del 28 de abril, \u201cse ha comprometido a desarrollar una Estrategia Nacional frente al Reto Demogr\u00e1fico con las principales actuaciones para combatir la despoblaci\u00f3n y el envejecimiento y a impulsar un Plan espec\u00edfico para el Mundo Rural, que permita dar respuesta a los m\u00faltiples desaf\u00edos con que se encuentran las zonas rurales\u201d. \u201cEs fundamental empezar a tomar medidas efectivas porque muchos pueblos de Cantabria est\u00e1n sufriendo el \u00e9xodo rural, sobre todo por los j\u00f3venes, ante la falta de oportunidades para acceder al mercado de trabajo\u201d, ha subrayado.<\/p>\n<p>En su opini\u00f3n, el despoblamiento es \u201cuno de los grandes retos para Cantabria y su futuro\u201d y al mismo tiempo, ha continuado, \u201csupone un problema muy grave ya que impide el desarrollo y crecimiento de las zonas rurales, reduce las posibilidades de empleo y dificulta el acceso a la educaci\u00f3n, a la sanidad o a los servicios sociales\u201d. \u201cEl mantenimiento de los servicios p\u00fablicos en el medio rural es algo imprescindible para que los pueblos no se vac\u00eden&#8221;, ha reiterado.<\/p>\n<p>Por ello, ha manifestado que \u201ctenemos que reforzar la actividad productiva de nuestras comarcas y pueblos, que favorezcan el relevo generacional, apoyen y potencien \u00a0recursos como la agricultura, la ganader\u00eda y la industria agroalimentaria, as\u00ed como las energ\u00edas renovables, el sector forestal y el turismo y el impulso del papel de la mujer en el mundo rural\u201d, ha explicado.<\/p>\n<p><strong>Defensa de la PAC <\/strong><\/p>\n<p>Por otro lado, el candidato al Congreso de los Diputados, Luis Santos Clemente ha se\u00f1alado que \u201cEl PSOE trabajar\u00e1 por la defensa de una Pol\u00edtica Agraria Com\u00fan (PAC), que defienda nuestro sector primario y las necesidades de nuestros agricultores y ganaderos y que apueste por el empleo y por el desarrollo econ\u00f3mico del medio rural\u201d. A juicio del socialista, \u201cel futuro del campo europeo, espa\u00f1ol y c\u00e1ntabro pasa por una PAC justa y realista que defienda con firmeza el fortalecimiento del tejido productivo y el desarrollo territorial\u201d, ha insistido.<\/p>\n<p>\u201cDefenderemos que la Pol\u00edtica Agraria Com\u00fan (PAC) conserve sus presupuestos actuales, de manera que agricultores y ganaderos puedan afrontar los nuevos retos relacionados con la preservaci\u00f3n de la biodiversidad y el cambio clim\u00e1tico, sin menoscabo de la rentabilidad de sus explotaciones y apostaremos por un Plan Estrat\u00e9gico Nacional de Agricultura, en el que tengan un papel clave las Comunidades Aut\u00f3nomas\u201d, ha declarado.<\/p>\n<p>Adem\u00e1s, ha sostenido, el PSOE propone \u201caumentar la aportaci\u00f3n p\u00fablica al sistema de seguros agrarios hasta recuperar el nivel del 2011\u201d.<\/p>\n<p>Por \u00faltimo, Luis Santos Clemente, ha asegurado que el \u201cel sector agroalimentaria de Cantabria es un sector estrat\u00e9gico, hay m\u00e1s de un centenar de industrias dedicadas a ello y es uno de los motores del desarrollo econ\u00f3mico de nuestra regi\u00f3n adem\u00e1s de ser un generador de empleo y de riqueza\u201d. En esta l\u00ednea, ha se\u00f1alado que Cantabria destaca por \u201clas conserveras de pescado, la producci\u00f3n de l\u00e1cteos o la industria c\u00e1rnica, una potente industria agroalimentaria que necesita adaptarse a los nuevos tiempos y no quedarse atr\u00e1s.\u201d<\/p>\n<p>&nbsp;<\/p>\n<p>\u201cTenemos que defender los pastos comunales como elemento de valor diferencial para Cantabria y el sistema de gesti\u00f3n de montes, recuperar las ayudas a razas puras, mejorar las infraestructuras que potencien canales corto de comercializaci\u00f3n y seguir mejorando la sanidad animal\u201d, ha concluido. <\/p>\n","protected":false},"excerpt":{"rendered":"<p>El secretario general del PSC-PSOE y candidato a la Presidencia de Cantabria, Pablo Zuloaga, ha asegurado que \u201ces imprescindible asumir el medio rural y el reto demogr\u00e1fico como claves para la cohesi\u00f3n territorial\u201d. As\u00ed lo ha afirmando Zuloaga durante su visita a una ganader\u00eda en Vega de Pas. All\u00ed, ha insistido en que \u201cel PSOE [&hellip;]<\/p>\n","protected":false},"author":2,"featured_media":3338,"comment_status":"open","ping_status":"open","sticky":false,"template":"","format":"standard","meta":{"tdm_status":"","tdm_grid_status":"","footnotes":""},"categories":[1],"tags":[],"class_list":["post-3337","post","type-post","status-publish","format-standard","has-post-thumbnail","hentry","category-uncategorized"],"_links":{"self":[{"href":"https:\/\/www.psc-psoe.es\/index.php\/wp-json\/wp\/v2\/posts\/3337","targetHints":{"allow":["GET"]}}],"collection":[{"href":"https:\/\/www.psc-psoe.es\/index.php\/wp-json\/wp\/v2\/posts"}],"about":[{"href":"https:\/\/www.psc-psoe.es\/index.php\/wp-json\/wp\/v2\/types\/post"}],"author":[{"embeddable":true,"href":"https:\/\/www.psc-psoe.es\/index.php\/wp-json\/wp\/v2\/users\/2"}],"replies":[{"embeddable":true,"href":"https:\/\/www.psc-psoe.es\/index.php\/wp-json\/wp\/v2\/comments?post=3337"}],"version-history":[{"count":0,"href":"https:\/\/www.psc-psoe.es\/index.php\/wp-json\/wp\/v2\/posts\/3337\/revisions"}],"wp:featuredmedia":[{"embeddable":true,"href":"https:\/\/www.psc-psoe.es\/index.php\/wp-json\/wp\/v2\/media\/3338"}],"wp:attachment":[{"href":"https:\/\/www.psc-psoe.es\/index.php\/wp-json\/wp\/v2\/media?parent=3337"}],"wp:term":[{"taxonomy":"category","embeddable":true,"href":"https:\/\/www.psc-psoe.es\/index.php\/wp-json\/wp\/v2\/categories?post=3337"},{"taxonomy":"post_tag","embeddable":true,"href":"https:\/\/www.psc-psoe.es\/index.php\/wp-json\/wp\/v2\/tags?post=3337"}],"curies":[{"name":"wp","href":"https:\/\/api.w.org\/{rel}","templated":true}]}}