{"id":3212,"date":"2019-04-06T14:03:01","date_gmt":"2019-04-06T13:03:01","guid":{"rendered":"https:\/\/www.psc-psoe.es\/?p=3212"},"modified":"2019-04-06T14:03:01","modified_gmt":"2019-04-06T13:03:01","slug":"el-psoe-propone-que-el-rocodromo-de-potes-lleve-el-nombre-del-greim-como-reconocimiento-a-su-labor","status":"publish","type":"post","link":"https:\/\/www.psc-psoe.es\/index.php\/2019\/04\/06\/el-psoe-propone-que-el-rocodromo-de-potes-lleve-el-nombre-del-greim-como-reconocimiento-a-su-labor\/","title":{"rendered":"El PSOE propone que el roc\u00f3dromo de Potes lleve el nombre del GREIM como \u201creconocimiento a su labor\u201d"},"content":{"rendered":"<p>La portavoz del Grupo Municipal Socialista en el Ayuntamiento de Potes, Roc\u00edo R\u00e1bago, ha anunciado que \u201clos y las socialistas hemos propuesto en el pleno celebrado este jueves, que el roc\u00f3dromo instalado en el polideportivo de esta localidad, lleve el nombre del Grupo de Rescate Especial de Intervenci\u00f3n de Monta\u00f1a (GREIM) de la Guardia Civil de Potes\u201d.<\/p>\n<p>Seg\u00fan R\u00e1bago, \u201cdesde nuestro grupo queremos reconocer la importante labor del GREIM y su implicaci\u00f3n fundamental en accidentes, b\u00fasquedas y auxilios no solo en Cantabria sino en toda Espa\u00f1a\u201d. \u201cEl GREIM juega un papel fundamental para salvar vidas y eso, tiene que ser reconocido primeramente en nuestra comarca\u201d, ha insistido.<\/p>\n<p>\u201cQue el roc\u00f3dromo lleve el nombre del GREIM, es un reconocido tributo y m\u00e1s, en una localidad y en una comarca como esta, en la que la monta\u00f1a forma parte de nuestra identidad\u201d, ha reiterado.<\/p>\n<p>La edil ha se\u00f1alado que la apertura de este complejo deportivo, \u201cha supuesto una inversi\u00f3n total de 120.000 euros y tiene una superficie de 406 metros cuadrados divididos en zonas tanto para principiantes como para expertos\u201d y ha continuado, \u201caumenta nuestra oferta de ocio e impulsa y fomenta el deporte\u201d. Por tanto, ha afirmado, \u201cesperamos que sean muchos los lebaniegos y lebaniegas y tambi\u00e9n los visitantes los que se acerquen hasta Potes a disfrutar de la escalada en esta nueva instalaci\u00f3n\u201d.<\/p>\n<p>Asimismo, ha resaltado que el roc\u00f3dromo, \u201cservir\u00e1 tambi\u00e9n de escuela, para ense\u00f1ar a ni\u00f1os y a j\u00f3venes la pr\u00e1ctica de este deporte de monta\u00f1a\u201d.<\/p>\n<p>Finalmente, Roc\u00edo R\u00e1bago, ha agradecido a la Consejer\u00eda de Educaci\u00f3n, Cultura y Deporte por \u201capoyar de manera econ\u00f3mica y apostar por este proyecto tan demandado y que es tan importante para los que vivimos en esta localidad\u201d. <\/p>\n","protected":false},"excerpt":{"rendered":"<p>La portavoz del Grupo Municipal Socialista en el Ayuntamiento de Potes, Roc\u00edo R\u00e1bago, ha anunciado que \u201clos y las socialistas hemos propuesto en el pleno celebrado este jueves, que el roc\u00f3dromo instalado en el polideportivo de esta localidad, lleve el nombre del Grupo de Rescate Especial de Intervenci\u00f3n de Monta\u00f1a (GREIM) de la Guardia Civil [&hellip;]<\/p>\n","protected":false},"author":2,"featured_media":3213,"comment_status":"open","ping_status":"open","sticky":false,"template":"","format":"standard","meta":{"tdm_status":"","tdm_grid_status":"","footnotes":""},"categories":[36,6],"tags":[],"class_list":["post-3212","post","type-post","status-publish","format-standard","has-post-thumbnail","hentry","category-liebana","category-agrupaciones"],"_links":{"self":[{"href":"https:\/\/www.psc-psoe.es\/index.php\/wp-json\/wp\/v2\/posts\/3212","targetHints":{"allow":["GET"]}}],"collection":[{"href":"https:\/\/www.psc-psoe.es\/index.php\/wp-json\/wp\/v2\/posts"}],"about":[{"href":"https:\/\/www.psc-psoe.es\/index.php\/wp-json\/wp\/v2\/types\/post"}],"author":[{"embeddable":true,"href":"https:\/\/www.psc-psoe.es\/index.php\/wp-json\/wp\/v2\/users\/2"}],"replies":[{"embeddable":true,"href":"https:\/\/www.psc-psoe.es\/index.php\/wp-json\/wp\/v2\/comments?post=3212"}],"version-history":[{"count":0,"href":"https:\/\/www.psc-psoe.es\/index.php\/wp-json\/wp\/v2\/posts\/3212\/revisions"}],"wp:featuredmedia":[{"embeddable":true,"href":"https:\/\/www.psc-psoe.es\/index.php\/wp-json\/wp\/v2\/media\/3213"}],"wp:attachment":[{"href":"https:\/\/www.psc-psoe.es\/index.php\/wp-json\/wp\/v2\/media?parent=3212"}],"wp:term":[{"taxonomy":"category","embeddable":true,"href":"https:\/\/www.psc-psoe.es\/index.php\/wp-json\/wp\/v2\/categories?post=3212"},{"taxonomy":"post_tag","embeddable":true,"href":"https:\/\/www.psc-psoe.es\/index.php\/wp-json\/wp\/v2\/tags?post=3212"}],"curies":[{"name":"wp","href":"https:\/\/api.w.org\/{rel}","templated":true}]}}