{"id":3150,"date":"2019-03-31T16:12:11","date_gmt":"2019-03-31T15:12:11","guid":{"rendered":"https:\/\/www.psc-psoe.es\/?p=3150"},"modified":"2019-03-31T17:49:28","modified_gmt":"2019-03-31T16:49:28","slug":"zuloaga-queremos-una-cantabria-que-haga-del-conocimiento-y-la-investigacion-su-industria-puntera","status":"publish","type":"post","link":"https:\/\/www.psc-psoe.es\/index.php\/2019\/03\/31\/zuloaga-queremos-una-cantabria-que-haga-del-conocimiento-y-la-investigacion-su-industria-puntera\/","title":{"rendered":"Zuloaga: \u201cQueremos una Cantabria que haga del conocimiento y la investigaci\u00f3n su industria puntera\u201d"},"content":{"rendered":"<p>El secretario general del PSC-PSOE y candidato a la Presidencia del Gobierno de Cantabria, Pablo Zuloaga, ha asegurado que \u201cqueremos una Cantabria verde, una Cantabria que hace del conocimiento y la investigaci\u00f3n su industria puntera en lo urbano y lo rural\u201d.<\/p>\n<p>De esta manera se ha expresado Zuloaga durante el acto de presentaci\u00f3n de Esther Bolado como candidata socialista a la Alcald\u00eda de Camargo. Un acto en que adem\u00e1s, ha intervenido la ministra de Educaci\u00f3n y Formaci\u00f3n Profesional del Gobierno de Espa\u00f1a, Isabel Cela\u00e1.<\/p>\n<p>El l\u00edder de los socialistas c\u00e1ntabros, ha afirmado que \u201cdesde nuestro partido vamos a defender un Cantabria que reordena el territorio pensado en el desarrollo rural para evitar la despoblaci\u00f3n, en el desarrollo industrial y tambi\u00e9n, en el desarrollo energ\u00e9tico\u201d.<\/p>\n<p>\u201cQueremos una Espa\u00f1a y una Cantabria de todas y todos, social, justa, feminista y solidaria y para ello, tenemos el reto de explicar nuestras propuestas de pa\u00eds y conseguir la confianza de la gente\u201d, ha reiterado.<\/p>\n<p>Seg\u00fan ha defendido, \u201cnecesitamos legislar para generar marcos de confianza en el tejido empresarial c\u00e1ntabro\u201d. \u201cMarcos jur\u00eddicos claros que permitan el desarrollo teniendo la Agenda 2030 como hoja de ruta\u201d, ha insistido.<\/p>\n<p>Por eso, ha se\u00f1alado, \u201cCamargo, Cantabria y Espa\u00f1a necesitan un gobierno socialista fuerte que hable con todos, y que dependa de sus propias fuerzas\u201d. En definitiva, ha dicho, \u201cqueremos un pa\u00eds que mire al futuro m\u00e1s que al pasado, un pa\u00eds pleno en derechos y libertades, esa es la Espa\u00f1a que queremos\u201d.<\/p>\n<p><b>\u201cNecesitamos urnas llenas\u201d<\/b><\/p>\n<p>Por su parte, Isabel Cela\u00e1, ha se\u00f1alado que el pr\u00f3ximo 28 de abril y el 26 de mayo, \u201cnos estamos jugando mucho, nos estamos jugando lo que es la evoluci\u00f3n o la involuci\u00f3n, el avance o el retroceso, el progreso o el encerradnos en una Espa\u00f1a que ya conocimos hace 40 a\u00f1os y no queremos volver\u201d. Por tanto, ha afirmado, \u201chay que ir a las urnas, porque los resultados electorales y las victorias, no se ganan en las encuestas, se ganan en las urnas y por eso hay que llenarlas\u201d.<\/p>\n<p>\u201cEl partido socialista ha gobernado m\u00e1s de 21 a\u00f1os en la Espa\u00f1a democr\u00e1tica, la hemos modernizado, la hemos llevado hasta un punto y ahora tenemos que volver a conseguir el impulso para que en las pr\u00f3ximas elecciones vayamos a las urnas porque las urnas llenas nos van a dar el futuro y la prosperidad para todos y todas. Necesitamos urnas llenas\u201d, ha insistido.<\/p>\n<p>Seg\u00fan ha se\u00f1alado, \u201ctenemos que trabajar con todos nuestros vecinos y vecinas, con nuestros amigos y amigas con humildad y convenciendo a la ciudadan\u00eda de que nuestras propuestas son para las personas, para las mujeres, para los hombres, para los y las<span class=\"Apple-converted-space\">\u00a0 <\/span>j\u00f3venes y desde luego, para una Espa\u00f1a mejor\u201d.<\/p>\n<p>Por otro lado, Cela\u00e1 ha manifestado que \u201ctenemos nuevas oportunidades pero tambi\u00e9n nuevas amenazas serias como la triple derecha, una amenaza de pensamiento \u00fanico, de una Espa\u00f1a que retrocede, de una Espa\u00f1a encerrada en si misma como lo demuestra la foto de Col\u00f3n y que ademas ahora, quiere construir un muro y que lo pague Marruecos eso, es una amenazada\u201d porque ha dicho, \u201cla mirada del socialismo espa\u00f1ol siempre ha sido una mirada generosa, de convivencia en la que esa Espa\u00f1a que hemos venido construyendo desde hace tanto a\u00f1os cabemos todas y todos, una Espa\u00f1a para la convivencia y no para la falta de fraternidad ni falta de solidaridad\u201d.<\/p>\n<p><b>\u201cTrabajamos y gestionamos para y por las personas\u201d<\/b><\/p>\n<p>Asimismo, la candidata socialista a la Alcald\u00eda de Camargo, Esther Bolado, ha sostenido que \u201cdurante estos cuatro a\u00f1os, hemos estado trabajando, gestionando y asentando las bases del Camargo que queremos y para la gente y por la gente y eso, es lo que queremos seguir haciendo en los pr\u00f3ximos a\u00f1os\u201d.<\/p>\n<p>En esta l\u00ednea, ha explicado que en su candidatura a las elecciones municipales del 26 de mayo le acompa\u00f1an, \u201cun equipo de hombres y mujeres llenos de ilusi\u00f3n, compromiso, lealtad, vocaci\u00f3n de servicio y que se dejar\u00e1n la piel para que este Camargo del futuro sea una realidad sea un presente\u201d porque ha continuado, \u201ctenemos ideas, sabemos cuales son los problemas de los vecinos y vecinas y tenemos un proyecto, un equipo y una gesti\u00f3n que estos cuatro a\u00f1os nos avalan\u201d.<\/p>\n<p>\u201cJuntos y juntas vamos a conseguir un Plan General de Ordenaci\u00f3n Urbana despu\u00e9s de 30 a\u00f1os, juntas y juntos seguiremos creciendo dentro de la red Impulso, tambi\u00e9n pondremos todos los recursos necesarios para que los m\u00e1s desprotegidos tengan sus necesidades aseguradas, protegeremos a las mujeres v\u00edctimas de violencia de g\u00e9nero, trabajaremos para que nuestro patrimonio cultural sea un referente para el turismo, seguiremos impulsando el deporte y mejorando las instalaciones deportivas y juntas y juntos, tendremos un nuevo espacio para los y las j\u00f3venes\u201d, ha subrayado.<\/p>\n<p>Por \u00faltimo, Esther Bolado, ha asegurado que \u201csabemos lo que queremos, porque tenemos proyecto, tenemos equipos y tenemos ideas para que nuestros objetivos sean una realidad\u201d. <\/p>\n","protected":false},"excerpt":{"rendered":"<p>El secretario general del PSC-PSOE y candidato a la Presidencia del Gobierno de Cantabria, Pablo Zuloaga, ha asegurado que \u201cqueremos una Cantabria verde, una Cantabria que hace del conocimiento y la investigaci\u00f3n su industria puntera en lo urbano y lo rural\u201d. De esta manera se ha expresado Zuloaga durante el acto de presentaci\u00f3n de Esther [&hellip;]<\/p>\n","protected":false},"author":2,"featured_media":3151,"comment_status":"open","ping_status":"open","sticky":false,"template":"","format":"standard","meta":{"tdm_status":"","tdm_grid_status":"","footnotes":""},"categories":[1],"tags":[],"class_list":["post-3150","post","type-post","status-publish","format-standard","has-post-thumbnail","hentry","category-uncategorized"],"_links":{"self":[{"href":"https:\/\/www.psc-psoe.es\/index.php\/wp-json\/wp\/v2\/posts\/3150","targetHints":{"allow":["GET"]}}],"collection":[{"href":"https:\/\/www.psc-psoe.es\/index.php\/wp-json\/wp\/v2\/posts"}],"about":[{"href":"https:\/\/www.psc-psoe.es\/index.php\/wp-json\/wp\/v2\/types\/post"}],"author":[{"embeddable":true,"href":"https:\/\/www.psc-psoe.es\/index.php\/wp-json\/wp\/v2\/users\/2"}],"replies":[{"embeddable":true,"href":"https:\/\/www.psc-psoe.es\/index.php\/wp-json\/wp\/v2\/comments?post=3150"}],"version-history":[{"count":0,"href":"https:\/\/www.psc-psoe.es\/index.php\/wp-json\/wp\/v2\/posts\/3150\/revisions"}],"wp:featuredmedia":[{"embeddable":true,"href":"https:\/\/www.psc-psoe.es\/index.php\/wp-json\/wp\/v2\/media\/3151"}],"wp:attachment":[{"href":"https:\/\/www.psc-psoe.es\/index.php\/wp-json\/wp\/v2\/media?parent=3150"}],"wp:term":[{"taxonomy":"category","embeddable":true,"href":"https:\/\/www.psc-psoe.es\/index.php\/wp-json\/wp\/v2\/categories?post=3150"},{"taxonomy":"post_tag","embeddable":true,"href":"https:\/\/www.psc-psoe.es\/index.php\/wp-json\/wp\/v2\/tags?post=3150"}],"curies":[{"name":"wp","href":"https:\/\/api.w.org\/{rel}","templated":true}]}}