{"id":3136,"date":"2019-03-28T21:00:47","date_gmt":"2019-03-28T20:00:47","guid":{"rendered":"https:\/\/www.psc-psoe.es\/?p=3136"},"modified":"2019-03-28T21:12:11","modified_gmt":"2019-03-28T20:12:11","slug":"pablo-zuloaga-anuncia-que-eduardo-echevarria-le-sucedera-como-delegado-del-gobierno-en-cantabria","status":"publish","type":"post","link":"https:\/\/www.psc-psoe.es\/index.php\/2019\/03\/28\/pablo-zuloaga-anuncia-que-eduardo-echevarria-le-sucedera-como-delegado-del-gobierno-en-cantabria\/","title":{"rendered":"Pablo Zuloaga anuncia que Eduardo Echevarr\u00eda le suceder\u00e1 como delegado del Gobierno en Cantabria"},"content":{"rendered":"<p>El secretario general del PSOE Cantabria y candidato a la presidencia del gobierno de la regi\u00f3n, Pablo Zuloaga, ha informado esta tarde a la Comisi\u00f3n Ejecutiva Regional del Partido Socialista de que \u201cEduardo Echevarr\u00eda, actual presidente de la formaci\u00f3n pol\u00edtica, le suceder\u00e1 como delegado del Gobierno en Cantabria\u201d.<\/p>\n<p>Zuloaga ha anunciado que \u201cser\u00e1 ma\u00f1ana viernes, 29 de marzo cuando el nombramiento de Echevarr\u00eda sea oficializado en el Consejo de Ministros\u201d.<\/p>\n<p>La Ejecutiva Regional del PSOE de Cantabria ha valorado \u201cmuy positivamente\u201d este nombramiento; destacando de Eduardo Echevarr\u00eda su larga experiencia en la gesti\u00f3n p\u00fablica como alcalde de Villaescusa, responsabilidad que ejerci\u00f3 durante 21 a\u00f1os.<\/p>\n<p>En la opini\u00f3n de Pablo Zuloaga, \u201ces un nombramiento acertado que cuenta con la absoluta confianza de La Moncloa\u201d y que ha continuado, \u201cest\u00e1 seguro que ser\u00e1 un excelente canal de comunicaci\u00f3n entre Cantabria y el Gobierno de Espa\u00f1a\u201d.<\/p>\n<p>Zuloaga ha destacado \u201cel car\u00e1cter dialogante de Echevarr\u00eda\u201d, cualidad que a su juicio, le hace ser \u201cel mejor de los candidatos posibles\u201d para ejercer esta responsabilidad en los pr\u00f3ximos a\u00f1os. \u201cEs importante crecer en pol\u00edtica desde el \u00e1mbito municipal. Un \u00e1mbito que Eduardo domina, trabajar en la administraci\u00f3n m\u00e1s cercana a los ciudadanos y ciudadanas\u201d, ha se\u00f1alado.<\/p>\n<p>El l\u00edder socialista est\u00e1 convencido de que Echevarr\u00eda \u201cva a seguir desarrollando la actividad emprendida en Delegaci\u00f3n del Gobierno de abrir la instituci\u00f3n a la ciudadan\u00eda y colaborar con las administraciones c\u00e1ntabras\u201d.<\/p>\n<p>El a\u00fan delegado del gobierno ha se\u00f1alado que abandona el cargo \u201cmuy satisfecho\u201d por el trabajo desarrollado en estos diez meses.<\/p>\n<p>Asimismo, el l\u00edder socialista c\u00e1ntabro ha querido agradecer la confianza depositada en su d\u00eda por Pedro S\u00e1nchez para ejercer las funciones de delegado del Gobierno en Cantabria. \u201cQuiero dar las gracias tanto a los miembros de mi Ejecutiva como a todos los y las militantes socialistas de Cantabria en quienes solo he encontrado apoyo y afecto en esta andadura\u201d, ha reiterado.<\/p>\n<p><strong>Dispuesto para la carrera electoral<\/strong><\/p>\n<p>Por \u00faltimo, Pablo Zuloaga, ha se\u00f1alado ante su Ejecutiva Regional que se encuentra \u201cplenamente ilusionado\u201d por la nueva etapa electoral que en estos meses se avecina. El secretario general, se centrar\u00e1 a partir de ahora en \u201ctrasladar a los ciudadanos y ciudadanas de Cantabria el mejor proyecto de futuro para nuestra regi\u00f3n\u201d.<\/p>\n<p>\u201cLas elecciones de abril y mayo son un periodo trascendental en la historia de Espa\u00f1a y de Cantabria para las que el PSOE se encuentra plenamente dispuesto\u201d, ha concluido. <\/p>\n","protected":false},"excerpt":{"rendered":"<p>El secretario general del PSOE Cantabria y candidato a la presidencia del gobierno de la regi\u00f3n, Pablo Zuloaga, ha informado esta tarde a la Comisi\u00f3n Ejecutiva Regional del Partido Socialista de que \u201cEduardo Echevarr\u00eda, actual presidente de la formaci\u00f3n pol\u00edtica, le suceder\u00e1 como delegado del Gobierno en Cantabria\u201d. Zuloaga ha anunciado que \u201cser\u00e1 ma\u00f1ana viernes, [&hellip;]<\/p>\n","protected":false},"author":2,"featured_media":3139,"comment_status":"open","ping_status":"open","sticky":false,"template":"","format":"standard","meta":{"tdm_status":"","tdm_grid_status":"","footnotes":""},"categories":[1],"tags":[],"class_list":["post-3136","post","type-post","status-publish","format-standard","has-post-thumbnail","hentry","category-uncategorized"],"_links":{"self":[{"href":"https:\/\/www.psc-psoe.es\/index.php\/wp-json\/wp\/v2\/posts\/3136","targetHints":{"allow":["GET"]}}],"collection":[{"href":"https:\/\/www.psc-psoe.es\/index.php\/wp-json\/wp\/v2\/posts"}],"about":[{"href":"https:\/\/www.psc-psoe.es\/index.php\/wp-json\/wp\/v2\/types\/post"}],"author":[{"embeddable":true,"href":"https:\/\/www.psc-psoe.es\/index.php\/wp-json\/wp\/v2\/users\/2"}],"replies":[{"embeddable":true,"href":"https:\/\/www.psc-psoe.es\/index.php\/wp-json\/wp\/v2\/comments?post=3136"}],"version-history":[{"count":0,"href":"https:\/\/www.psc-psoe.es\/index.php\/wp-json\/wp\/v2\/posts\/3136\/revisions"}],"wp:featuredmedia":[{"embeddable":true,"href":"https:\/\/www.psc-psoe.es\/index.php\/wp-json\/wp\/v2\/media\/3139"}],"wp:attachment":[{"href":"https:\/\/www.psc-psoe.es\/index.php\/wp-json\/wp\/v2\/media?parent=3136"}],"wp:term":[{"taxonomy":"category","embeddable":true,"href":"https:\/\/www.psc-psoe.es\/index.php\/wp-json\/wp\/v2\/categories?post=3136"},{"taxonomy":"post_tag","embeddable":true,"href":"https:\/\/www.psc-psoe.es\/index.php\/wp-json\/wp\/v2\/tags?post=3136"}],"curies":[{"name":"wp","href":"https:\/\/api.w.org\/{rel}","templated":true}]}}