{"id":3130,"date":"2019-03-28T17:00:54","date_gmt":"2019-03-28T16:00:54","guid":{"rendered":"https:\/\/www.psc-psoe.es\/?p=3130"},"modified":"2019-03-28T17:00:54","modified_gmt":"2019-03-28T16:00:54","slug":"torrelavega-dispondra-de-78-viviendas-nuevas-mas-en-la-zona-de-ganzo","status":"publish","type":"post","link":"https:\/\/www.psc-psoe.es\/index.php\/2019\/03\/28\/torrelavega-dispondra-de-78-viviendas-nuevas-mas-en-la-zona-de-ganzo\/","title":{"rendered":"Torrelavega dispondr\u00e1 de 78 viviendas nuevas m\u00e1s en la zona de Ganzo"},"content":{"rendered":"<div>\n<div class=\"nH\">\n<div class=\"nH\">\n<div class=\"nH bkL\">\n<div class=\"no\">\n<div class=\"nH bkK nn\">\n<div class=\"nH\">\n<div class=\"nH\">\n<div class=\"nH ar4 z\">\n<div class=\"aeI\">\n<div class=\"AO\">\n<div id=\":3\" class=\"Tm aeJ\">\n<div id=\":1\" class=\"aeF\">\n<div class=\"nH\">\n<div class=\"nH\" role=\"main\">\n<div class=\"nH g\">\n<table class=\"Bs nH iY bAt\" role=\"presentation\" cellpadding=\"0\">\n<tbody>\n<tr>\n<td class=\"Bu bAn\">\n<div class=\"nH if\">\n<div class=\"nH aHU\">\n<div class=\"nH hx\">\n<div class=\"nH\" role=\"list\">\n<div class=\"h7 ie nH oy8Mbf\" tabindex=\"-1\" role=\"listitem\">\n<div class=\"Bk\">\n<div class=\"G3 G2\">\n<div>\n<div id=\":1ni\">\n<div class=\"adn ads\" data-message-id=\"#msg-f:1629265087455586754\" data-legacy-message-id=\"169c4ff6febc69c2\">\n<div class=\"gs\">\n<div class=\"\">\n<div id=\":1c2\" class=\"ii gt\">\n<div id=\":1c1\" class=\"a3s aXjCH \">\n<div dir=\"auto\">\n<div dir=\"ltr\">\n<p align=\"justify\"><span style=\"font-family: Arial, sans-serif;\">El Alcalde Jos\u00e9 Manuel Cruz Viadero y el concejal de Urbanismo Jos\u00e9 Otto Oyarbide han explicado que el lunes se aprobar\u00e1 la licencia de ocupaci\u00f3n definitiva de las 78 viviendas nuevas en la zona de Ganzo, lo que sumadas a las 22 viviendas que se est\u00e1n construyendo en Campuzano, dar\u00e1 como resultado 100 viviendas nuevas que saldr\u00e1n a la venta en la ciudad.<\/span><\/p>\n<\/div>\n<div dir=\"ltr\">\n<p align=\"justify\"><span style=\"font-family: Arial, sans-serif;\">Cruz Viadero ha destacado el trabajo \u201cimportante y concienzudo\u201d realizado desde la concejal\u00eda de Urbanismo para que puedan ponerse a disposici\u00f3n estas 78 viviendas, tras diversos avatares, primero porque desapareci\u00f3 la empresa que impuls\u00f3 las viviendas y luego fue abandonada hasta que el Equipo de Gobierno consigui\u00f3 \u201cdesatascar la situaci\u00f3n y logr\u00f3 que estas viviendas est\u00e9n en condiciones de salir al mercado\u201d.<\/span><\/p>\n<p align=\"justify\"><span style=\"font-family: Arial, sans-serif;\">El Alcalde explica que ayer en la Comisi\u00f3n de Urbanismo se aprob\u00f3 la licencia de primera ocupaci\u00f3n para estas viviendas y el pr\u00f3ximo lunes en la Junta de Gobierno local se dar\u00e1 la licencia de ocupaci\u00f3n definitiva. Cruz Viadero recuerda que por parte del Ayuntamiento \u201cse han realizado todos los trabajos necesarios para poner estas Viviendas de Protecci\u00f3n Oficial a disposici\u00f3n del mercado\u201d.<\/span><\/p>\n<p align=\"justify\"><span style=\"font-family: Arial, sans-serif;\">Cruz Viadero ha recordado \u201clo mucho que ha mejorado Ganzo en los \u00faltimos a\u00f1os, que goza de una magn\u00edfica calidad de vida, con muchas prestaciones\u201d.<\/span><\/p>\n<p align=\"justify\"><span style=\"font-family: Arial, sans-serif;\">El edil de Urbanismo Jos\u00e9 Otto Oyarbide, por su parte, ha explicado la cronograf\u00eda de los diversos avatares que desde el a\u00f1o 2004 ha vivido esta \u00faltima de las tres promociones privadas en el pueblo de Ganzo, que pas\u00f3 a ser propiedad de la SAREB e incluso vivi\u00f3 actos de vandalismo y estaba \u201ctotalmente destrozada\u201d, hasta llegar a la situaci\u00f3n actual en la que se subsanaron las deficiencias y los da\u00f1os, y en 2019 se ha recibido la Licencia de Primera Ocupaci\u00f3n tras recibir los informes municipales favorables.<\/span><\/p>\n<p align=\"justify\"><span style=\"font-family: Arial, sans-serif;\">Las viviendas tienen entre 60 y 90 metros cuadrados aproximadamente, y adem\u00e1s hay otras 22 viviendas que se est\u00e1n construyendo en Campuzano, lo que suma un total de 100 viviendas VPO y se estima que habr\u00e1 una demanda importante. Las viviendas en venta en la zona de Ganzo tendr\u00edan un precio m\u00e1ximo de 82.506 euros.<\/span><\/p>\n<div class=\"yj6qo\"><\/div>\n<div class=\"adL\"><\/div>\n<\/div>\n<div class=\"adL\"><\/div>\n<div class=\"adL\">\n<div dir=\"ltr\"><\/div>\n<\/div>\n<\/div>\n<div class=\"adL\"><\/div>\n<\/div>\n<\/div>\n<div id=\":1mz\" class=\"hq gt\"><\/div>\n<\/div>\n<\/div>\n<\/div>\n<\/div>\n<\/div>\n<\/div>\n<\/div>\n<\/div>\n<\/div>\n<\/div>\n<\/div>\n<\/div>\n<\/td>\n<\/tr>\n<\/tbody>\n<\/table>\n<\/div>\n<\/div>\n<\/div>\n<\/div>\n<\/div>\n<\/div>\n<\/div>\n<\/div>\n<\/div>\n<\/div>\n<\/div>\n<\/div>\n<\/div>\n<\/div>\n<\/div>\n<\/div>\n","protected":false},"excerpt":{"rendered":"<p>El Alcalde Jos\u00e9 Manuel Cruz Viadero y el concejal de Urbanismo Jos\u00e9 Otto Oyarbide han explicado que el lunes se aprobar\u00e1 la licencia de ocupaci\u00f3n definitiva de las 78 viviendas nuevas en la zona de Ganzo, lo que sumadas a las 22 viviendas que se est\u00e1n construyendo en Campuzano, dar\u00e1 como resultado 100 viviendas nuevas [&hellip;]<\/p>\n","protected":false},"author":2,"featured_media":3131,"comment_status":"open","ping_status":"open","sticky":false,"template":"","format":"standard","meta":{"tdm_status":"","tdm_grid_status":"","footnotes":""},"categories":[21,33],"tags":[],"class_list":["post-3130","post","type-post","status-publish","format-standard","has-post-thumbnail","hentry","category-torrelavega","category-besaya"],"_links":{"self":[{"href":"https:\/\/www.psc-psoe.es\/index.php\/wp-json\/wp\/v2\/posts\/3130","targetHints":{"allow":["GET"]}}],"collection":[{"href":"https:\/\/www.psc-psoe.es\/index.php\/wp-json\/wp\/v2\/posts"}],"about":[{"href":"https:\/\/www.psc-psoe.es\/index.php\/wp-json\/wp\/v2\/types\/post"}],"author":[{"embeddable":true,"href":"https:\/\/www.psc-psoe.es\/index.php\/wp-json\/wp\/v2\/users\/2"}],"replies":[{"embeddable":true,"href":"https:\/\/www.psc-psoe.es\/index.php\/wp-json\/wp\/v2\/comments?post=3130"}],"version-history":[{"count":0,"href":"https:\/\/www.psc-psoe.es\/index.php\/wp-json\/wp\/v2\/posts\/3130\/revisions"}],"wp:featuredmedia":[{"embeddable":true,"href":"https:\/\/www.psc-psoe.es\/index.php\/wp-json\/wp\/v2\/media\/3131"}],"wp:attachment":[{"href":"https:\/\/www.psc-psoe.es\/index.php\/wp-json\/wp\/v2\/media?parent=3130"}],"wp:term":[{"taxonomy":"category","embeddable":true,"href":"https:\/\/www.psc-psoe.es\/index.php\/wp-json\/wp\/v2\/categories?post=3130"},{"taxonomy":"post_tag","embeddable":true,"href":"https:\/\/www.psc-psoe.es\/index.php\/wp-json\/wp\/v2\/tags?post=3130"}],"curies":[{"name":"wp","href":"https:\/\/api.w.org\/{rel}","templated":true}]}}