{"id":3085,"date":"2019-03-25T16:12:26","date_gmt":"2019-03-25T15:12:26","guid":{"rendered":"https:\/\/www.psc-psoe.es\/?p=3085"},"modified":"2019-03-25T16:14:29","modified_gmt":"2019-03-25T15:14:29","slug":"zuloaga-asegura-que-el-gobierno-debe-ser-una-maquina-de-generar-igualdad","status":"publish","type":"post","link":"https:\/\/www.psc-psoe.es\/index.php\/2019\/03\/25\/zuloaga-asegura-que-el-gobierno-debe-ser-una-maquina-de-generar-igualdad\/","title":{"rendered":"Zuloaga asegura que el Gobierno &#8220;debe ser una m\u00e1quina de generar igualdad&#8221;"},"content":{"rendered":"<p>El delegado del Gobierno en Cantabria, Pablo Zuloaga, ha trasladado a la Asociaci\u00f3n de Celiacos que el Ejecutivo central &#8220;debe ser una m\u00e1quina de generar igualdad y por ello no caben las exclusiones m\u00e9dicas seg\u00fan diagn\u00f3stico&#8221;.<\/p>\n<p>As\u00ed lo ha se\u00f1alado en la reuni\u00f3n que ha mantenido con representantes de este colectivo, con los que ha abordado la situaci\u00f3n de la asociaci\u00f3n y sus demandas, que Zuloaga se ha comprometido a trasladar a los diferentes ministerios implicados en la materia.<\/p>\n<p>Adem\u00e1s, el delegado del Gobierno ha manifestado la intenci\u00f3n del Ministerio de Sanidad de revisar todas las patolog\u00edas en todos los cuadros de exclusi\u00f3n para incluir cambios de criterios e individualizar los procesos de selecci\u00f3n o exclusi\u00f3n.<\/p>\n<p>A la reuni\u00f3n con el delegado del Gobierno han asistido Conchi Montero y Sebasti\u00e1n Tena, representantes de la junta directiva de la Asociaci\u00f3n de Celiacos de C\u00e1ntabria.<\/p>\n<p>En el encuentro, Zuloaga tambi\u00e9n les ha trasladado el acuerdo adoptado recientemente por el Consejo de Ministros que garantiza la igualdad en el acceso a la funci\u00f3n p\u00fablica y &#8220;pone fin&#8221; a la discriminaci\u00f3n que sufr\u00edan siete millones de espa\u00f1oles afectados.<\/p>\n<p>Desde este momento, todas las oposiciones cuyas \u00f3rdenes ministeriales por los que se rigen los cuadros de exclusiones m\u00e9dicas, dependan del Ministerio de Funci\u00f3n P\u00fablica, se modificar\u00e1n en 2019; y el resto, en su totalidad, en 2020. Ello supone que las personas con enfermedad celiaca no ser\u00e1n excluidas a causa de su diagn\u00f3stico adaptando al caso individual en las pruebas de acceso, ha explicado.<\/p>\n<p>De esta manera, tras la aprobaci\u00f3n de la modificaci\u00f3n de los cuadros de exclusi\u00f3n m\u00e9dica para acceder al empleo p\u00fablico, las personas con enfermedad celiaca dejar\u00e1n de estar excluidas de las Fuerzas Armadas y de la Guardia Civil.<\/p>\n<p>Seg\u00fan se ha expuesto en la reuni\u00f3n, el principal problema al que se enfrenta el colectivo celiaco es el infradiagn\u00f3stico de la enfermedad. Gracias al trabajo de la federaci\u00f3n de asociaciones junto al Ministerio de Sanidad se ha publicado la revisi\u00f3n del Protocolo de Diagn\u00f3stico Precoz de la Enfermedad Celiaca.<\/p>\n<p>Otro asunto abordado ha sido el elevado coste de los productos sin gluten, \u00fanico tratamiento para los celiacos y que supone para las familias un coste de &#8220;casi 1.000 euros m\u00e1s&#8221; en su lista de la compra, por lo que el colectivo considera que deber\u00eda ampliarse el IVA superreducido a todos los panes sin gluten, todas las harinas sin gluten y la pasta sin gluten.<\/p>\n<p>En Espa\u00f1a no existe ning\u00fan tipo de estudio poblacional sobre enfermedad celiaca, es decir, no se sabe el n\u00famero de personas celiacas que hay diagnosticadas. Una de las principales reivindicaciones de la asociaci\u00f3n ha sido siempre la creaci\u00f3n de un estudio poblacional para conocer el n\u00famero de enfermos cel\u00edacos que hay en Espa\u00f1a.<\/p>\n<p>El colectivo de celiacos ve tambi\u00e9n como prioritario que se realicen inspecciones sobre al\u00e9rgenos y se garantice la seguridad alimentaria de todo el colectivo con el aumento del n\u00famero de inspecciones en establecimientos.<\/p>\n<p>Adem\u00e1s, consideran necesaria la inclusi\u00f3n de obligatoriedad de realizaci\u00f3n de men\u00fas sin gluten en todos los concursos p\u00fablicos de hosteler\u00eda y alimentaci\u00f3n para que en los hospitales, universidades, geri\u00e1tricos, colegios, etc\u00e9tera, se realicen men\u00fas para personas celiacas y con otro tipo de alergias e intolerancias alimentarias. Defienden igualmente que se incluya la enfermedad cel\u00edaca como punto para baremar las ayudas sociales.<\/p>\n<p>Zuloaga se ha comprometido en dar traslado a los distintos ministerios implicados de las reivindicaciones y ha animado a las asociaci\u00f3n a seguir trabajando por el colectivo de cel\u00edacos. <\/p>\n","protected":false},"excerpt":{"rendered":"<p>El delegado del Gobierno en Cantabria, Pablo Zuloaga, ha trasladado a la Asociaci\u00f3n de Celiacos que el Ejecutivo central &#8220;debe ser una m\u00e1quina de generar igualdad y por ello no caben las exclusiones m\u00e9dicas seg\u00fan diagn\u00f3stico&#8221;. As\u00ed lo ha se\u00f1alado en la reuni\u00f3n que ha mantenido con representantes de este colectivo, con los que ha [&hellip;]<\/p>\n","protected":false},"author":2,"featured_media":3088,"comment_status":"open","ping_status":"open","sticky":false,"template":"","format":"standard","meta":{"tdm_status":"","tdm_grid_status":"","footnotes":""},"categories":[1],"tags":[],"class_list":["post-3085","post","type-post","status-publish","format-standard","has-post-thumbnail","hentry","category-uncategorized"],"_links":{"self":[{"href":"https:\/\/www.psc-psoe.es\/index.php\/wp-json\/wp\/v2\/posts\/3085","targetHints":{"allow":["GET"]}}],"collection":[{"href":"https:\/\/www.psc-psoe.es\/index.php\/wp-json\/wp\/v2\/posts"}],"about":[{"href":"https:\/\/www.psc-psoe.es\/index.php\/wp-json\/wp\/v2\/types\/post"}],"author":[{"embeddable":true,"href":"https:\/\/www.psc-psoe.es\/index.php\/wp-json\/wp\/v2\/users\/2"}],"replies":[{"embeddable":true,"href":"https:\/\/www.psc-psoe.es\/index.php\/wp-json\/wp\/v2\/comments?post=3085"}],"version-history":[{"count":0,"href":"https:\/\/www.psc-psoe.es\/index.php\/wp-json\/wp\/v2\/posts\/3085\/revisions"}],"wp:featuredmedia":[{"embeddable":true,"href":"https:\/\/www.psc-psoe.es\/index.php\/wp-json\/wp\/v2\/media\/3088"}],"wp:attachment":[{"href":"https:\/\/www.psc-psoe.es\/index.php\/wp-json\/wp\/v2\/media?parent=3085"}],"wp:term":[{"taxonomy":"category","embeddable":true,"href":"https:\/\/www.psc-psoe.es\/index.php\/wp-json\/wp\/v2\/categories?post=3085"},{"taxonomy":"post_tag","embeddable":true,"href":"https:\/\/www.psc-psoe.es\/index.php\/wp-json\/wp\/v2\/tags?post=3085"}],"curies":[{"name":"wp","href":"https:\/\/api.w.org\/{rel}","templated":true}]}}