{"id":2923,"date":"2019-03-20T19:35:38","date_gmt":"2019-03-20T18:35:38","guid":{"rendered":"https:\/\/www.psc-psoe.es\/?p=2923"},"modified":"2019-03-20T19:35:38","modified_gmt":"2019-03-20T18:35:38","slug":"pablo-zuloaga-anima-a-los-candidatos-regionales-a-ser-los-altavoces-de-las-politicas-del-psoe-en-cantabria","status":"publish","type":"post","link":"https:\/\/www.psc-psoe.es\/index.php\/2019\/03\/20\/pablo-zuloaga-anima-a-los-candidatos-regionales-a-ser-los-altavoces-de-las-politicas-del-psoe-en-cantabria\/","title":{"rendered":"Pablo Zuloaga anima a los candidatos regionales a ser \u201clos altavoces\u201d de las pol\u00edticas del PSOE en Cantabria"},"content":{"rendered":"<p>El secretario general del PSOE de Cantabria y candidato a la Presidencia del Gobierno de Cantabria, Pablo Zuloaga, ha animado a los candidatos y candidatas regionales a ser \u201clos altavoces\u201d de las pol\u00edticas del PSOE en toda Cantabria.<\/p>\n<p>As\u00ed se ha manifestado Zuloaga, despu\u00e9s de haber mantenido este mi\u00e9rcoles una reuni\u00f3n de trabajo con los y las miembros de la candidatura que concurre a las pr\u00f3ximas elecciones auton\u00f3micas del mes de mayo.<\/p>\n<p>El l\u00edder de los socialistas c\u00e1ntabros, ha querido poner en valor que \u201cconformamos un equipo que est\u00e1 preparado para gobernar y para legislar desde el Parlamento de Cantabria y para aplicar en toda la comunidad las propuestas socialistas y las pol\u00edticas del gobierno de Pedro S\u00e1nchez\u201d. Un equipo, del que ha destacado, \u201cla conjunci\u00f3n de juventud, experiencia pol\u00edtica y de gesti\u00f3n y por encima de todo, el compromiso firme con la defensa del Estado social y democr\u00e1tico de derecho junto con las propuestas de sostenibilidad y transici\u00f3n ecol\u00f3gica\u201d.<\/p>\n<p>En ese sentido, ha destacado \u201cla importancia que para el pa\u00eds y para la regi\u00f3n tiene la Agenda 2030\u201d cuyas aspiraciones ha explicado, \u201cpersiguen erradicar la pobreza, asegurar la prosperidad para todas las personas y proteger los ecosistemas\u201d. En definitiva, se trata ha dicho, \u201cde buscar un nuevo contrato social global que desde Cantabria y Espa\u00f1a ayude a cumplir con los objetivos del desarrollo sostenible como el hambre cero, una educaci\u00f3n de calidad, igualdad de g\u00e9nero, energ\u00edas asequibles y no contaminantes y trabajo decente y crecimiento econ\u00f3mico entre otros\u201d.<\/p>\n<p>El dirigente socialista, ha recordado que \u201ctodos estos objetivos fueron tratados en la reciente Conferencia Pol\u00edtica del partido, como ejes transversales de la propuesta electoral socialista para Cantabria\u201d y anima a sus candidatos y candidatas a trabajar en este sentido.<\/p>\n<p>Asimismo, Pablo Zuloaga, ha expresado el compromiso del PSOE con \u201cla sostenibilidad ambiental, la lucha contra el cambio clim\u00e1tico, la apuesta, muy fuerte, por las energ\u00edas renovables y la conservaci\u00f3n y restauraci\u00f3n de la biodiversidad que son la clave para el desarrollo y el bienestar de la poblaci\u00f3n a medio y largo plazo\u201d.\u00a0 Finalmente, ha insistido en la necesidad de \u201credise\u00f1ar\u201d la pol\u00edtica forestal de Cantabria y la lucha contra el fuego. <\/p>\n","protected":false},"excerpt":{"rendered":"<p>El secretario general del PSOE de Cantabria y candidato a la Presidencia del Gobierno de Cantabria, Pablo Zuloaga, ha animado a los candidatos y candidatas regionales a ser \u201clos altavoces\u201d de las pol\u00edticas del PSOE en toda Cantabria. As\u00ed se ha manifestado Zuloaga, despu\u00e9s de haber mantenido este mi\u00e9rcoles una reuni\u00f3n de trabajo con los [&hellip;]<\/p>\n","protected":false},"author":2,"featured_media":2924,"comment_status":"open","ping_status":"open","sticky":false,"template":"","format":"standard","meta":{"tdm_status":"","tdm_grid_status":"","footnotes":""},"categories":[1],"tags":[],"class_list":["post-2923","post","type-post","status-publish","format-standard","has-post-thumbnail","hentry","category-uncategorized"],"_links":{"self":[{"href":"https:\/\/www.psc-psoe.es\/index.php\/wp-json\/wp\/v2\/posts\/2923","targetHints":{"allow":["GET"]}}],"collection":[{"href":"https:\/\/www.psc-psoe.es\/index.php\/wp-json\/wp\/v2\/posts"}],"about":[{"href":"https:\/\/www.psc-psoe.es\/index.php\/wp-json\/wp\/v2\/types\/post"}],"author":[{"embeddable":true,"href":"https:\/\/www.psc-psoe.es\/index.php\/wp-json\/wp\/v2\/users\/2"}],"replies":[{"embeddable":true,"href":"https:\/\/www.psc-psoe.es\/index.php\/wp-json\/wp\/v2\/comments?post=2923"}],"version-history":[{"count":0,"href":"https:\/\/www.psc-psoe.es\/index.php\/wp-json\/wp\/v2\/posts\/2923\/revisions"}],"wp:featuredmedia":[{"embeddable":true,"href":"https:\/\/www.psc-psoe.es\/index.php\/wp-json\/wp\/v2\/media\/2924"}],"wp:attachment":[{"href":"https:\/\/www.psc-psoe.es\/index.php\/wp-json\/wp\/v2\/media?parent=2923"}],"wp:term":[{"taxonomy":"category","embeddable":true,"href":"https:\/\/www.psc-psoe.es\/index.php\/wp-json\/wp\/v2\/categories?post=2923"},{"taxonomy":"post_tag","embeddable":true,"href":"https:\/\/www.psc-psoe.es\/index.php\/wp-json\/wp\/v2\/tags?post=2923"}],"curies":[{"name":"wp","href":"https:\/\/api.w.org\/{rel}","templated":true}]}}