{"id":2914,"date":"2019-03-19T22:22:50","date_gmt":"2019-03-19T21:22:50","guid":{"rendered":"https:\/\/www.psc-psoe.es\/?p=2914"},"modified":"2019-03-19T22:22:50","modified_gmt":"2019-03-19T21:22:50","slug":"pablo-zuloaga-asegura-que-quienes-quieran-una-cantabria-social-llenaran-de-votos-socialistas-las-urnas","status":"publish","type":"post","link":"https:\/\/www.psc-psoe.es\/index.php\/2019\/03\/19\/pablo-zuloaga-asegura-que-quienes-quieran-una-cantabria-social-llenaran-de-votos-socialistas-las-urnas\/","title":{"rendered":"Pablo Zuloaga asegura que \u201cquienes quieran una Cantabria social, llenar\u00e1n de votos socialistas las urnas\u201d"},"content":{"rendered":"<p>El secretario general del PSOE de Cantabria y candidato a la Presidencia del Gobierno de Cantabria, Pablo Zuloaga, ha asegurado durante la presentaci\u00f3n de Susana Herr\u00e1n como candidata a la Alcald\u00eda de Castro Urdiales que \u201cquienes quieran una Cantabria social, llenar\u00e1n de votos socialistas las urnas en las elecciones de abril y mayo\u201d.<\/p>\n<p>En el acto de presentaci\u00f3n de candidatura, al que ha asistido la ministra de Industria, Comercio y Turismo del Gobierno de Espa\u00f1a, Reyes Maroto, ha animado a los socialistas castre\u00f1os a llenar de votos socialistas las urnas\u201d y ha hecho extensible sus palabras a todos los y las socialistas de Cantabria. \u201cTenemos el mejor equipo y estamos en disposici\u00f3n de gobernar Castro, gobernar Cantabria y gobernar Espa\u00f1a\u201d, ha sostenido.<\/p>\n<p>Asimismo, Zuloaga ha se\u00f1alado que en los pr\u00f3ximos comicios electorales, habr\u00e1 que elegir \u201centre un partido socialista que quiere una Espa\u00f1a social, la Cantabria de las oportunidades o las derechas de los recortes, de la ley del m\u00e1s fuerte, de las ideas xen\u00f3fobas y excluyentes o de la vuelta al pasado totalitario\u201d.<\/p>\n<p>Seg\u00fan ha manifestado el l\u00edder de los socialistas ante m\u00e1s de un centenar de personas que se han congregado en el Instituto Ataulfo Argenta del municipio, \u201cel 28 de abril hay que elegir entre dos modelos de pa\u00eds: uno que avanza y otro que retrocede\u201d.<\/p>\n<p>\u201cNosotros queremos la Espa\u00f1a de las pensiones dignas, de la educaci\u00f3n y la sanidad p\u00fablica, de la justicia social, del empleo, de la modernizaci\u00f3n econ\u00f3mica, de la ecolog\u00eda. Una Espa\u00f1a feminista, con igualdad de oportunidades, pr\u00f3spera y de la que nadie tenga que irse ni quiera irse\u201d, ha resaltado.<\/p>\n<p>El l\u00edder de los socialistas, ha afirmado que \u201ctenemos mucho trabajo por delante, muchos retos y mucha planificaci\u00f3n por hacer\u201d. \u201cHay que ponerse manos a la obra para detener al precariedad laboral, luchar por la vuelta del talento y apostar por la industria del conocimiento y la investigaci\u00f3n, afrontar el reto de la despoblaci\u00f3n, defender los servicios p\u00fablicos, apostar por el desarrollo econ\u00f3mico, la transici\u00f3n ecol\u00f3gica y la sostenibilidad ambiental\u201d.<\/p>\n<p><strong>El equipo de Herran, \u201cjuventud y experiencia\u201d<\/strong><\/p>\n<p>Por otro lado, Zuloaga ha asegurado que los socialistas castre\u00f1os han conformado, de cara a las pr\u00f3ximas elecciones municipales, \u201cun equipo encabezado por Herr\u00e1n, que combina la fuerza de la juventud con el sosiego de la experiencia\u201d.<\/p>\n<p>\u201cEl objetivo de nuestro partido es mejorar la calidad de vida de nuestras ciudades y pueblos y por tanto, queremos hacer de Castro un municipio habitable, sostenible, cuidadoso con el entorno y facilitador de un tejido empresarial, moderno e innovador\u201d, ha reiterado.<\/p>\n<p><strong>\u201cEl 26 de mayo tenemos un reto importante para Castro y Cantabria\u201d<\/strong><\/p>\n<p>Finalmente, Susana Herr\u00e1n ha asegurado que \u201ca partir del 26 de mayo, impulsaremos una nueva \u00e9poca de ilusi\u00f3n y progreso para Castro Urdiales y sus pedan\u00edas\u201d. Una fecha, ha dicho, \u201cen la que tenemos un reto muy importante, tanto para Castro como para Cantabria\u201d.<\/p>\n<p>Herr\u00e1n, ha agradecido el \u201ccompromiso\u201d a sus compa\u00f1eros de candidatura de los que ha dicho \u201cson ejemplo de lealtad, trabajo, dedicaci\u00f3n, juventud, preparaci\u00f3n y valent\u00eda, aspectos todos ellos que nos identifican a los y las socialistas\u201d.<\/p>\n<p>A su juicio, \u201cdespu\u00e9s de tres a\u00f1os de aletargamiento y paralizaci\u00f3n municipal, Castro nos exige nuevos retos que se alejen de discursos populistas y reaccionarios y de pol\u00edticos interesados\u201d. Nuevos retos que, ha dicho, \u201cnazcan de las posibilidades reales de cambio y se construya sobre la base de la escucha de los ciudadanos\u201d.<\/p>\n<p>En esta l\u00ednea, ha sostenido que \u201cel proyecto de los socialistas para Castro va a ser realista, para recuperar la ciudadan\u00eda, atender necesidades y buscar soluciones, en definitiva, estar pr\u00f3ximos para generar confianza, despertar la participaci\u00f3n y fortalecer la democracia\u201d porque ha a\u00f1adido, \u201cla proximidad es lo que nos diferencia del resto\u201d.<\/p>\n<p>Por \u00faltimo, Susana Herr\u00e1n ha asegurado que \u201cdesde el PSOE de Castro queremos impulsar la actividad econ\u00f3mica y el empleo, la educaci\u00f3n y tambi\u00e9n los espacios de convivencia avanzando en igualdad y mejorando la atenci\u00f3n de nuestros mayores\u201d. \u201cTodo esto hay que ponerlo en marcha con una nueva forma de hacer pol\u00edtica y ante una ciudadan\u00eda activa, que quiere contar, opinar y decidir y que reclama un verdadero Castro de futuro\u201d, ha finalizado. <\/p>\n","protected":false},"excerpt":{"rendered":"<p>El secretario general del PSOE de Cantabria y candidato a la Presidencia del Gobierno de Cantabria, Pablo Zuloaga, ha asegurado durante la presentaci\u00f3n de Susana Herr\u00e1n como candidata a la Alcald\u00eda de Castro Urdiales que \u201cquienes quieran una Cantabria social, llenar\u00e1n de votos socialistas las urnas en las elecciones de abril y mayo\u201d. En el [&hellip;]<\/p>\n","protected":false},"author":2,"featured_media":2915,"comment_status":"open","ping_status":"open","sticky":false,"template":"","format":"standard","meta":{"tdm_status":"","tdm_grid_status":"","footnotes":""},"categories":[1],"tags":[],"class_list":["post-2914","post","type-post","status-publish","format-standard","has-post-thumbnail","hentry","category-uncategorized"],"_links":{"self":[{"href":"https:\/\/www.psc-psoe.es\/index.php\/wp-json\/wp\/v2\/posts\/2914","targetHints":{"allow":["GET"]}}],"collection":[{"href":"https:\/\/www.psc-psoe.es\/index.php\/wp-json\/wp\/v2\/posts"}],"about":[{"href":"https:\/\/www.psc-psoe.es\/index.php\/wp-json\/wp\/v2\/types\/post"}],"author":[{"embeddable":true,"href":"https:\/\/www.psc-psoe.es\/index.php\/wp-json\/wp\/v2\/users\/2"}],"replies":[{"embeddable":true,"href":"https:\/\/www.psc-psoe.es\/index.php\/wp-json\/wp\/v2\/comments?post=2914"}],"version-history":[{"count":0,"href":"https:\/\/www.psc-psoe.es\/index.php\/wp-json\/wp\/v2\/posts\/2914\/revisions"}],"wp:featuredmedia":[{"embeddable":true,"href":"https:\/\/www.psc-psoe.es\/index.php\/wp-json\/wp\/v2\/media\/2915"}],"wp:attachment":[{"href":"https:\/\/www.psc-psoe.es\/index.php\/wp-json\/wp\/v2\/media?parent=2914"}],"wp:term":[{"taxonomy":"category","embeddable":true,"href":"https:\/\/www.psc-psoe.es\/index.php\/wp-json\/wp\/v2\/categories?post=2914"},{"taxonomy":"post_tag","embeddable":true,"href":"https:\/\/www.psc-psoe.es\/index.php\/wp-json\/wp\/v2\/tags?post=2914"}],"curies":[{"name":"wp","href":"https:\/\/api.w.org\/{rel}","templated":true}]}}