{"id":2844,"date":"2019-03-17T13:44:43","date_gmt":"2019-03-17T12:44:43","guid":{"rendered":"https:\/\/www.psc-psoe.es\/?p=2844"},"modified":"2019-03-17T13:44:43","modified_gmt":"2019-03-17T12:44:43","slug":"zuloaga-llama-a-la-movilizacion-y-a-la-unidad-del-partido-en-el-comite-federal-del-psoe","status":"publish","type":"post","link":"https:\/\/www.psc-psoe.es\/index.php\/2019\/03\/17\/zuloaga-llama-a-la-movilizacion-y-a-la-unidad-del-partido-en-el-comite-federal-del-psoe\/","title":{"rendered":"Zuloaga llama a la movilizaci\u00f3n y a la unidad del partido en el Comit\u00e9 Federal del PSOE"},"content":{"rendered":"<p>El secretario general del PSOE Cantabria y candidato a la Presidencia del gobierno regional, Pablo Zuloaga, ha manifestado esta ma\u00f1ana tras el Comit\u00e9 Federal celebrado en Madrid, \u201cla necesidad de presentarse a los pr\u00f3ximas comicios electorales, con un partido unido y capaz de movilizar a todo el electorado de izquierda para ganar las elecciones\u201d.<\/p>\n<p>Zuloaga se ha referido al PSOE como una \u201cdemocracia viva\u201d, que, ha continuado, \u201ctoma las decisiones con las urnas abiertas, en el que el futuro del partido esta en manos de las y los militantes\u201d.<\/p>\n<p>Seg\u00fan el secretario general de los socialistas c\u00e1ntabros en el Comit\u00e9 Federal celebrado este domingo, se da forma a candidaturas de \u201cequipos renovados que permitir\u00e1n al PSOE recuperar sus mejores resultados electorales\u201d.<\/p>\n<p>Para Zuloaga, \u201cel partido sale a ganar las elecciones como hace tiempo que no hac\u00edamos, con un proyecto aut\u00f3nomo y fuerte que nos diferencia del resto\u201d En este sentido, el socialista se ha felicitado por los \u201cviernes sociales\u201d de los Consejos de Ministros de Pedro S\u00e1nchez que, ha afirmado, \u201ctanto se diferencian de aquellos viernes negros del PP de Rajoy\u201d.<\/p>\n<p>\u201cBienvenidas las pol\u00edticas desarrolladas en estos nueve meses, donde las personas, los espa\u00f1oles y espa\u00f1olas hemos ganado en derechos, servicios p\u00fablicos, tolerancia, respeto e igualdad\u201d, ha se\u00f1alado.<\/p>\n<p>\u201cNuestra fuerza hoy esta en la calle, en los j\u00f3venes que claman por el ecologismo, en las mujeres que luchan por la igualdad, en los pensionistas que reivindican pensiones publicas y dignas, en las familias que demandan servicios p\u00fablicos de calidad, en dependencia, sanidad y educaci\u00f3n y en los trabajadores y trabajadoras (tambi\u00e9n los del sector primario) que buscan soluciones y mejores coberturas\u201d, ha destacado el dirigente socialista.<\/p>\n<p>Zuloaga tambi\u00e9n ha tenido un agradecimiento a los compa\u00f1eros y compa\u00f1eras que han representado a Cantabria en el Congreso y Senado hasta la disoluci\u00f3n de las c\u00e1maras; deseandoles \u201ctoda la suerte y acierto a los que a partir de abril nos representaran en Madrid para seguir construyendo una Espa\u00f1a y una Cantabria mas justas\u201d<\/p>\n<p><strong>Raul Pesquera, en la candidatura del PSOE al Parlamento Europeo<\/strong><\/p>\n<p>Asimismo, el m\u00e9dico c\u00e1ntabro Raul Pesquera ha sido designado por el Comit\u00e9 Federal del PSOE como candidato a las elecciones europeas del pr\u00f3ximo mes de mayo.<\/p>\n<p>Pesquera figura en el n\u00famero 25 de una lista que encabeza Josep Borrell. Raul Pesquera, reside actualmente en Dinamarca, es Licenciado en Medicina y Cirug\u00eda, especialista en Medicina Familiar y Comunitaria. Cuenta con un m\u00e1s m\u00e1ster en Salud P\u00fablica, otro en Direcci\u00f3n y Gesti\u00f3n de Servicios Sanitarios y Doctor en Medicina por la Universidad de Cantabria. Es m\u00e9dico titular del SCS y exdirector del Observatorio de Salud P\u00fablica de Cantabria. <\/p>\n","protected":false},"excerpt":{"rendered":"<p>El secretario general del PSOE Cantabria y candidato a la Presidencia del gobierno regional, Pablo Zuloaga, ha manifestado esta ma\u00f1ana tras el Comit\u00e9 Federal celebrado en Madrid, \u201cla necesidad de presentarse a los pr\u00f3ximas comicios electorales, con un partido unido y capaz de movilizar a todo el electorado de izquierda para ganar las elecciones\u201d. Zuloaga [&hellip;]<\/p>\n","protected":false},"author":2,"featured_media":2845,"comment_status":"open","ping_status":"open","sticky":false,"template":"","format":"standard","meta":{"tdm_status":"","tdm_grid_status":"","footnotes":""},"categories":[1],"tags":[],"class_list":["post-2844","post","type-post","status-publish","format-standard","has-post-thumbnail","hentry","category-uncategorized"],"_links":{"self":[{"href":"https:\/\/www.psc-psoe.es\/index.php\/wp-json\/wp\/v2\/posts\/2844","targetHints":{"allow":["GET"]}}],"collection":[{"href":"https:\/\/www.psc-psoe.es\/index.php\/wp-json\/wp\/v2\/posts"}],"about":[{"href":"https:\/\/www.psc-psoe.es\/index.php\/wp-json\/wp\/v2\/types\/post"}],"author":[{"embeddable":true,"href":"https:\/\/www.psc-psoe.es\/index.php\/wp-json\/wp\/v2\/users\/2"}],"replies":[{"embeddable":true,"href":"https:\/\/www.psc-psoe.es\/index.php\/wp-json\/wp\/v2\/comments?post=2844"}],"version-history":[{"count":0,"href":"https:\/\/www.psc-psoe.es\/index.php\/wp-json\/wp\/v2\/posts\/2844\/revisions"}],"wp:featuredmedia":[{"embeddable":true,"href":"https:\/\/www.psc-psoe.es\/index.php\/wp-json\/wp\/v2\/media\/2845"}],"wp:attachment":[{"href":"https:\/\/www.psc-psoe.es\/index.php\/wp-json\/wp\/v2\/media?parent=2844"}],"wp:term":[{"taxonomy":"category","embeddable":true,"href":"https:\/\/www.psc-psoe.es\/index.php\/wp-json\/wp\/v2\/categories?post=2844"},{"taxonomy":"post_tag","embeddable":true,"href":"https:\/\/www.psc-psoe.es\/index.php\/wp-json\/wp\/v2\/tags?post=2844"}],"curies":[{"name":"wp","href":"https:\/\/api.w.org\/{rel}","templated":true}]}}