{"id":2832,"date":"2019-03-15T19:15:28","date_gmt":"2019-03-15T18:15:28","guid":{"rendered":"https:\/\/www.psc-psoe.es\/?p=2832"},"modified":"2019-03-15T19:15:28","modified_gmt":"2019-03-15T18:15:28","slug":"isidoro-rabago-pide-a-revilla-mas-mesura-en-los-anuncios-del-inicio-de-las-prospecciones-mineras","status":"publish","type":"post","link":"https:\/\/www.psc-psoe.es\/index.php\/2019\/03\/15\/isidoro-rabago-pide-a-revilla-mas-mesura-en-los-anuncios-del-inicio-de-las-prospecciones-mineras\/","title":{"rendered":"Isidoro R\u00e1bago pide a Revilla \u201cm\u00e1s mesura\u201d en los anuncios del inicio de las prospecciones mineras"},"content":{"rendered":"<p>El alcalde de Santillana del Mar, Isidoro R\u00e1bago, se ha mostrado \u201csorprendido\u201d por la noticia aparecida en los medios de comunicaci\u00f3n en la que el presidente de Cantabria, Miguel Angel Revilla, anunciaba el inicio de las prospecciones de la mina de zinc en la localidad de Viveda, perteneciente al municipio de Santillana del Mar.<\/p>\n<p>R\u00e1bago, ha aclarado que \u201ctales trabajos se iniciar\u00e1n en la localidad de Queveda, donde tendr\u00e1 lugar el primer sondeo al que se refer\u00eda el presidente Revilla y no en Viveda como ha manifestado p\u00fablicamente\u201d.<\/p>\n<p>Para el alcalde, \u201ces importante que un pol\u00edtico como Miguel Angel Revilla disponga de la informaci\u00f3n adecuada a la hora de realizar este tipo de anuncios\u201d que ha a\u00f1adido, \u201chan generado sorpresa y malestar a partes iguales en Viveda, una localidad en la que no se van a realizar tales prospecciones\u201d.<\/p>\n<p>Por ello, el socialista ha insistido en que \u201cbuena parte de los m\u00e1s de 1.000 vecinos de la localidad de Viveda se han puesto en contacto con el Ayuntamiento para manifestar su asombro y preocupaci\u00f3n ante el anuncio err\u00f3neo del presidente Revilla\u201d. <\/p>\n","protected":false},"excerpt":{"rendered":"<p>El alcalde de Santillana del Mar, Isidoro R\u00e1bago, se ha mostrado \u201csorprendido\u201d por la noticia aparecida en los medios de comunicaci\u00f3n en la que el presidente de Cantabria, Miguel Angel Revilla, anunciaba el inicio de las prospecciones de la mina de zinc en la localidad de Viveda, perteneciente al municipio de Santillana del Mar. R\u00e1bago, [&hellip;]<\/p>\n","protected":false},"author":2,"featured_media":2833,"comment_status":"open","ping_status":"open","sticky":false,"template":"","format":"standard","meta":{"tdm_status":"","tdm_grid_status":"","footnotes":""},"categories":[14,34,6],"tags":[],"class_list":["post-2832","post","type-post","status-publish","format-standard","has-post-thumbnail","hentry","category-notas-de-prensa","category-costa-occidental","category-agrupaciones"],"_links":{"self":[{"href":"https:\/\/www.psc-psoe.es\/index.php\/wp-json\/wp\/v2\/posts\/2832","targetHints":{"allow":["GET"]}}],"collection":[{"href":"https:\/\/www.psc-psoe.es\/index.php\/wp-json\/wp\/v2\/posts"}],"about":[{"href":"https:\/\/www.psc-psoe.es\/index.php\/wp-json\/wp\/v2\/types\/post"}],"author":[{"embeddable":true,"href":"https:\/\/www.psc-psoe.es\/index.php\/wp-json\/wp\/v2\/users\/2"}],"replies":[{"embeddable":true,"href":"https:\/\/www.psc-psoe.es\/index.php\/wp-json\/wp\/v2\/comments?post=2832"}],"version-history":[{"count":0,"href":"https:\/\/www.psc-psoe.es\/index.php\/wp-json\/wp\/v2\/posts\/2832\/revisions"}],"wp:featuredmedia":[{"embeddable":true,"href":"https:\/\/www.psc-psoe.es\/index.php\/wp-json\/wp\/v2\/media\/2833"}],"wp:attachment":[{"href":"https:\/\/www.psc-psoe.es\/index.php\/wp-json\/wp\/v2\/media?parent=2832"}],"wp:term":[{"taxonomy":"category","embeddable":true,"href":"https:\/\/www.psc-psoe.es\/index.php\/wp-json\/wp\/v2\/categories?post=2832"},{"taxonomy":"post_tag","embeddable":true,"href":"https:\/\/www.psc-psoe.es\/index.php\/wp-json\/wp\/v2\/tags?post=2832"}],"curies":[{"name":"wp","href":"https:\/\/api.w.org\/{rel}","templated":true}]}}