{"id":2819,"date":"2019-03-14T18:14:32","date_gmt":"2019-03-14T17:14:32","guid":{"rendered":"https:\/\/www.psc-psoe.es\/?p=2819"},"modified":"2019-03-14T18:14:32","modified_gmt":"2019-03-14T17:14:32","slug":"el-psoe-pide-a-gema-igual-que-retire-sus-declaraciones-retrogradas-xenofobas-e-inhumanas-sobre-la-inmigracion","status":"publish","type":"post","link":"https:\/\/www.psc-psoe.es\/index.php\/2019\/03\/14\/el-psoe-pide-a-gema-igual-que-retire-sus-declaraciones-retrogradas-xenofobas-e-inhumanas-sobre-la-inmigracion\/","title":{"rendered":"El PSOE pide a Gema Igual que retire sus declaraciones retrogradas, xen\u00f3fobas e inhumanas sobre la inmigraci\u00f3n"},"content":{"rendered":"<p><span lang=\"ES\">El secretario general del PSOE y portavoz municipal en el ayuntamiento de Santander, Pedro Casares, pide a la alcaldesa de la ciudad, Gema Igual, que retire sus declaraciones retrogradas, xen\u00f3fobas e inhumanas sobre la inmigraci\u00f3n.<\/span><\/p>\n<p><span lang=\"ES\">Casares cree que Igual \u201cse ha quitado la careta\u201d no solo por hacer suya una propuesta \u201cde una falta de humanidad sin l\u00edmites\u201d y le recuerda que \u201cno todo vale\u201d.<\/span><\/p>\n<p><span lang=\"ES\">\u00a0<\/span><span lang=\"ES\">\u201cEs inhumano y es indecente hablar en estos t\u00e9rminos de un problema de esta gravedad y sobredimensionarlo para intentar legitimar una propuesta del PP, que no es m\u00e1s que la demostraci\u00f3n de la insensibilidad de una organizaci\u00f3n sin rumbo y en busca de votos a la desesperada\u201d critica.<\/span><\/p>\n<p><span lang=\"ES\">\u00a0<\/span><span lang=\"ES\">El l\u00edder de los socialistas santanderinos se pregunta qu\u00e9 tipo de madres conoce la alcaldesa y el PP, que estar\u00edan dispuestas a dar en adopci\u00f3n a su hijo por regularizar su situaci\u00f3n. \u201cBasta ya de tener una doble vara de medir para habla de las personas en funci\u00f3n de sus origen o de sus problemas y necesidades\u201d critica el portavoz del PSOE.<\/span><\/p>\n<p><span lang=\"ES\">En este sentido, el l\u00edder socialista considera \u201cgrav\u00edsimo\u201d que se \u201cfrivolice\u201d con un problema tan grave \u201cy se mienta a la ciudadan\u00eda\u201d. \u201cA este pa\u00eds nadie viene a tirar a sus hijos a ning\u00fan vertedero, aqu\u00ed la gente viene en busca de oportunidades y de una vida mejor que en sus pa\u00edses no tienen, huyendo en muchos casos del horror y la guerra\u201d subraya.<\/span><\/p>\n<p><span lang=\"ES\">Para el l\u00edder socialista, \u201cen este pa\u00eds lo \u00fanico que tenemos que blindar son los valores de la Constituci\u00f3n frente a una derecha que es capaz de todo por gobernar, y que una vez que gobierne ya nos est\u00e1n indicando que van a hacer todo lo posible por recortar derechos, oportunidades y libertades a la ciudadan\u00eda\u201d.<\/span><\/p>\n<p><span lang=\"ES\">\u201cEsta propuesta descabellada es la manifestaci\u00f3n de la preocupaci\u00f3n del PP por perder votos hacia otras formaciones\u201d denuncia, a la vez que se\u00f1ala que \u201chablar de ello en Santander, con un 28% de poblaci\u00f3n en riesgo de exclusi\u00f3n social por la misma alcaldesa, que ante el problema de la pobreza ha mirado para otro lado, es inaudito\u201d.<\/span><\/p>\n<p><span lang=\"ES\">Por \u00faltimo, Pedro Casares asegura que \u201cla alcaldesa no parece muy bien informada por su partido, porque el mismo d\u00eda que el PP est\u00e1 intentando matizar sus propias palabras, ella sale a demostrar que no hay tergiversaci\u00f3n posible\u201d.<\/span><\/p>\n<p><span lang=\"ES\">\u00a0<\/span><span lang=\"ES\">\u201cEstamos ante un pensamiento reaccionario propio de pa\u00edses como Hungr\u00eda, donde Viktor Orban est\u00e1 cuestionado por todas las fuerzas pol\u00edticas europeas por planteamientos como el de Gema Igual\u201d concluye.<\/span> <\/p>\n","protected":false},"excerpt":{"rendered":"<p>El secretario general del PSOE y portavoz municipal en el ayuntamiento de Santander, Pedro Casares, pide a la alcaldesa de la ciudad, Gema Igual, que retire sus declaraciones retrogradas, xen\u00f3fobas e inhumanas sobre la inmigraci\u00f3n. Casares cree que Igual \u201cse ha quitado la careta\u201d no solo por hacer suya una propuesta \u201cde una falta de [&hellip;]<\/p>\n","protected":false},"author":2,"featured_media":1517,"comment_status":"open","ping_status":"open","sticky":false,"template":"","format":"standard","meta":{"tdm_status":"","tdm_grid_status":"","footnotes":""},"categories":[20,16],"tags":[],"class_list":["post-2819","post","type-post","status-publish","format-standard","has-post-thumbnail","hentry","category-santander","category-noticias-santander"],"_links":{"self":[{"href":"https:\/\/www.psc-psoe.es\/index.php\/wp-json\/wp\/v2\/posts\/2819","targetHints":{"allow":["GET"]}}],"collection":[{"href":"https:\/\/www.psc-psoe.es\/index.php\/wp-json\/wp\/v2\/posts"}],"about":[{"href":"https:\/\/www.psc-psoe.es\/index.php\/wp-json\/wp\/v2\/types\/post"}],"author":[{"embeddable":true,"href":"https:\/\/www.psc-psoe.es\/index.php\/wp-json\/wp\/v2\/users\/2"}],"replies":[{"embeddable":true,"href":"https:\/\/www.psc-psoe.es\/index.php\/wp-json\/wp\/v2\/comments?post=2819"}],"version-history":[{"count":0,"href":"https:\/\/www.psc-psoe.es\/index.php\/wp-json\/wp\/v2\/posts\/2819\/revisions"}],"wp:featuredmedia":[{"embeddable":true,"href":"https:\/\/www.psc-psoe.es\/index.php\/wp-json\/wp\/v2\/media\/1517"}],"wp:attachment":[{"href":"https:\/\/www.psc-psoe.es\/index.php\/wp-json\/wp\/v2\/media?parent=2819"}],"wp:term":[{"taxonomy":"category","embeddable":true,"href":"https:\/\/www.psc-psoe.es\/index.php\/wp-json\/wp\/v2\/categories?post=2819"},{"taxonomy":"post_tag","embeddable":true,"href":"https:\/\/www.psc-psoe.es\/index.php\/wp-json\/wp\/v2\/tags?post=2819"}],"curies":[{"name":"wp","href":"https:\/\/api.w.org\/{rel}","templated":true}]}}