{"id":2799,"date":"2019-03-13T14:35:20","date_gmt":"2019-03-13T13:35:20","guid":{"rendered":"https:\/\/www.psc-psoe.es\/?p=2799"},"modified":"2019-03-13T14:37:08","modified_gmt":"2019-03-13T13:37:08","slug":"pablo-zuloaga-asegura-que-el-psoe-tiene-con-charo-losa-a-la-futura-alcaldesa-de-laredo","status":"publish","type":"post","link":"https:\/\/www.psc-psoe.es\/index.php\/2019\/03\/13\/pablo-zuloaga-asegura-que-el-psoe-tiene-con-charo-losa-a-la-futura-alcaldesa-de-laredo\/","title":{"rendered":"Pablo Zuloaga asegura que el PSOE tiene con Charo Losa a la futura alcaldesa de Laredo"},"content":{"rendered":"<p>El secretario general del PSOE de Cantabria, Pablo Zuloaga, ha asegurado que \u201cCharo Losa es una mujer con capacidad de di\u00e1logo y acuerdo y estoy seguro que el PSOE tiene en su candidata a la futura alcaldesa del Ayuntamiento de Laredo\u201d.<\/p>\n<p>As\u00ed lo ha manifestado Zuloaga en rueda de prensa, durante la presentaci\u00f3n de Losa a la Alcald\u00eda de Laredo para las elecciones municipales del pr\u00f3ximo 26 de mayo.<\/p>\n<p>En palabras del secretario general, \u201cCharo Losa es una persona responsable, una mujer, trabajadora y valiente que viene demostrando desde su concejal\u00eda en el Ayuntamiento de Laredo, que se pueden hacer las cosas de otra manera y sobre todo, que se pueden hacer muy bien\u201d. \u201cSe puede trabajar con mucha sensibilidad y con mucha responsabilidad y ella lo demuestra\u201d, ha sostenido.<\/p>\n<p>El l\u00edder de los socialistas c\u00e1ntabros, ha insistido en que \u201clos militantes de Laredo han decidido dar un paso adelante muy importante, valiente, decidido y especialmente democr\u00e1tico, ya que el 75 por ciento del censo de la agrupaci\u00f3n de este municipio ha participado para el elegir a su candidata a las pr\u00f3ximas elecciones\u201d.<\/p>\n<p>En este l\u00ednea, ha reiterado que \u201cel PSOE es el partido m\u00e1s democr\u00e1tico de todos los que nos presentamos a las elecciones\u201d porque ha continuado, \u201chace tiempo decidimos que la militancia, era la due\u00f1a de los destinos de las personas que representamos al partido socialista\u201d.<\/p>\n<p>\u201cLos que estamos aqu\u00ed sabemos que es un orgullo, honor y responsabilidad representar las siglas del PSOE en cada una de las instituciones\u201d, ha destacado.<\/p>\n<p><strong>\u201cTrabajaremos en la misma l\u00ednea que S\u00e1nchez\u201d<\/strong><\/p>\n<p>Asimismo, ha afirmado, tras las visita del presidente del Gobierno Pedro S\u00e1nchez ayer a Cantabria que, \u201cel Partido Socialista se quita el velo y trabaja abiertamente con todos los sectores de la sociedad\u201d y eso \u201ctrabajar en esa misma l\u00ednea, es lo que haremos los y las socialistas de Cantabria\u201d.<\/p>\n<p>\u201cTrabajaremos con m\u00e1s responsabilidad si cabe desde las instituciones para que las ayudas europeas que tenemos a nuestro alcance lleguen tambi\u00e9n a Cantabria y trabajaremos para fortalecer nuestro tejido productivo, empezando por una de nuestras se\u00f1as de identidad, el sector primario y por todos esos j\u00f3venes, que tienen que afrontar su futuro en el mundo rural\u201d. \u201cNo les vamos a dejar solos\u201d, ha aclarado.<\/p>\n<p>A su juicio, \u201cel PSOE inaugura un nuevo tiempo que, tanto en Laredo con Charo como en Cantabria con la candidatura que hemos presentado y que los compa\u00f1eros y compa\u00f1eras han apoyado nos va a llevar a obtener el mejor resultado en las elecciones\u201d.<\/p>\n<p><strong>\u201cMi candidatura la conforma un equipo en el que conf\u00edo\u201d<\/strong><\/p>\n<p>Por su parte, la secretaria general del PSOE de Laredo y candidata a la Alcald\u00eda, Charo Losa, ha agradecido primeramente a la militancia de Laredo su \u201capoyo\u201d la candidatura que encabeza y con la que concurrir\u00e1 el pr\u00f3ximo mayo.<\/p>\n<p>En esta l\u00ednea, ha explicado que \u201cmi candidatura la conforma un equipo en el que conf\u00edo y en el que estoy segura, obtendr\u00e1 el apoyo de la ciudadan\u00eda de nuestro municipio para constituir el pr\u00f3ximo gobierno municipal\u201d. \u201cEn este nuevo proyecto hemos procurado y creo que lo hemos conseguido constituir un equipo compacto y multidisciplinar, donde la experiencia se entremezcla con la juventud a la que acompa\u00f1a el ansia permanente de afrontar nuevas iniciativas\u201d, ha reiterado.<\/p>\n<p>Se trata de un equipo, ha se\u00f1alado, \u201ccualificado, formado y capacitado\u201d que ha a\u00f1adido, \u201cest\u00e1 siempre a pie de calle y por ello, es conocedor de las esperanzas, anhelos e ilusiones de la ciudadan\u00eda\u201d.<\/p>\n<p>La edil, ha explicado que los y las socialistas de Laredo \u201cestamos dispuestos a crear y trasladar un gran proyecto de intenciones, donde las personas est\u00e9n por encima de todo\u201d porque ha continuado, \u201centendemos que el d\u00eda a d\u00eda, no requiere en este momento de monumentales macro proyectos sino de marcar, potenciar y sostener lo cotidiano\u201d.<\/p>\n<p>Seg\u00fan ha dicho, \u201cno caeremos en promesas y compromisos irreales que a nada conducen y cuyo incumplimiento genera frustraci\u00f3n entre la ciudadan\u00eda\u201d. \u201cNos volcaremos ante todas las personas, queremos crear nuevos espacios de convivencia e interrelaci\u00f3n social que permitan a su vez, la generaci\u00f3n de empleo y elementos productivos, donde la sostenibilidad medioambiental, urbana y patrimonial est\u00e9n armonizados\u201d.<\/p>\n<p>Entre los objetivos del proyecto socialista, ha se\u00f1alado, \u201cfiguran, el establecer acuerdos de colaboraci\u00f3n intermunicipal, con localidades de nuestro entorno, para la prestaci\u00f3n y uso com\u00fan de servicios multidisciplinares por todos los vecinos y vecinas y residentes\u201d.<\/p>\n<p>Finalmente, Charo Losa ha asegurado que \u201cqueremos tener los pies en el suelo, no crear falsas expectativas que a nada conducen y abrir un nuevo tiempo para Laredo\u201d. \u201cAhora, es el momento de la ciudadan\u00eda y vamos a buscar su confianza y apoyo. El pasado no marca futuro, Laredo tiene ganas y ansias de avanzar y este partido y cuantos me acompa\u00f1an estamos dispuestos a lograr que as\u00ed sea\u201d, ha concluido. <\/p>\n","protected":false},"excerpt":{"rendered":"<p>El secretario general del PSOE de Cantabria, Pablo Zuloaga, ha asegurado que \u201cCharo Losa es una mujer con capacidad de di\u00e1logo y acuerdo y estoy seguro que el PSOE tiene en su candidata a la futura alcaldesa del Ayuntamiento de Laredo\u201d. As\u00ed lo ha manifestado Zuloaga en rueda de prensa, durante la presentaci\u00f3n de Losa [&hellip;]<\/p>\n","protected":false},"author":2,"featured_media":2802,"comment_status":"open","ping_status":"open","sticky":false,"template":"","format":"standard","meta":{"tdm_status":"","tdm_grid_status":"","footnotes":""},"categories":[1],"tags":[],"class_list":["post-2799","post","type-post","status-publish","format-standard","has-post-thumbnail","hentry","category-uncategorized"],"_links":{"self":[{"href":"https:\/\/www.psc-psoe.es\/index.php\/wp-json\/wp\/v2\/posts\/2799","targetHints":{"allow":["GET"]}}],"collection":[{"href":"https:\/\/www.psc-psoe.es\/index.php\/wp-json\/wp\/v2\/posts"}],"about":[{"href":"https:\/\/www.psc-psoe.es\/index.php\/wp-json\/wp\/v2\/types\/post"}],"author":[{"embeddable":true,"href":"https:\/\/www.psc-psoe.es\/index.php\/wp-json\/wp\/v2\/users\/2"}],"replies":[{"embeddable":true,"href":"https:\/\/www.psc-psoe.es\/index.php\/wp-json\/wp\/v2\/comments?post=2799"}],"version-history":[{"count":0,"href":"https:\/\/www.psc-psoe.es\/index.php\/wp-json\/wp\/v2\/posts\/2799\/revisions"}],"wp:featuredmedia":[{"embeddable":true,"href":"https:\/\/www.psc-psoe.es\/index.php\/wp-json\/wp\/v2\/media\/2802"}],"wp:attachment":[{"href":"https:\/\/www.psc-psoe.es\/index.php\/wp-json\/wp\/v2\/media?parent=2799"}],"wp:term":[{"taxonomy":"category","embeddable":true,"href":"https:\/\/www.psc-psoe.es\/index.php\/wp-json\/wp\/v2\/categories?post=2799"},{"taxonomy":"post_tag","embeddable":true,"href":"https:\/\/www.psc-psoe.es\/index.php\/wp-json\/wp\/v2\/tags?post=2799"}],"curies":[{"name":"wp","href":"https:\/\/api.w.org\/{rel}","templated":true}]}}