{"id":2790,"date":"2019-03-12T20:36:48","date_gmt":"2019-03-12T19:36:48","guid":{"rendered":"https:\/\/www.psc-psoe.es\/?p=2790"},"modified":"2019-03-12T20:44:55","modified_gmt":"2019-03-12T19:44:55","slug":"pedro-sanchez-visita-altamira-y-el-mercado-de-ganados-de-torrelavega","status":"publish","type":"post","link":"https:\/\/www.psc-psoe.es\/index.php\/2019\/03\/12\/pedro-sanchez-visita-altamira-y-el-mercado-de-ganados-de-torrelavega\/","title":{"rendered":"Pedro S\u00e1nchez visita Altamira y el Mercado de Ganados de Torrelavega"},"content":{"rendered":"<p>El presidente del Gobierno de Espa\u00f1a, Pedro S\u00e1nchez ha estado este martes de visita oficial en Cantabria.<\/p>\n<p>En esta ocasi\u00f3n, el jefe del Ejecutivo, ha acudido a Santillana del Mar, acompa\u00f1ado del delegado del Gobierno en Cantabria, Pablo Zuloaga, el alcalde de la localidad, Isidoro R\u00e1bago, y la directora de Altamira, Pilar Fat\u00e1s, entre otras autoridades, donde ha visitado el Museo Nacional y Centro de Investigaci\u00f3n de Altamira. All\u00ed, ha disfrutado de la r\u00e9plica de la gruta original conocida como la &#8216;capilla sixtina&#8217; del arte Paleol\u00edtico y las instalaciones anexas, que exhiben hasta el d\u00eda 31 el cuadro &#8216;La caza de Meleagro&#8217;, de Nicol\u00e1s Poussin.<\/p>\n<p>En el Museo Nacional, S\u00e1nchez, ha asegurado que \u201clos grandes museos, las grandes bibliotecas y los grandes teatros, cumplen una funci\u00f3n especial y esencial en la preservaci\u00f3n del patrimonio y en el desarrollo de las distintas disciplinas\u201d pero ello, ha dicho, \u201ctiene que ver compatible con algo muy importante como es la descentralizaci\u00f3n y con la divulgaci\u00f3n perif\u00e9rica\u201d.<\/p>\n<p>En este sentido, ha manifestado que \u201ces preciso que el arte viaje hasta d\u00f3nde est\u00e1n los ciudadanos y ciudadanas, que se despoje de la gran solemnidad que a veces tiene y es necesario que tenga y se muestre como algo cercano y accesible\u201d.<\/p>\n<p>\u201cEstamos ante dos joyas de nuestro patrimonio com\u00fan, que han resistido los embates del tiempo y que est\u00e1n a disposici\u00f3n de la ciudadan\u00eda gracias fundamentalmente a la acci\u00f3n del Estado, de lo p\u00fablico. Gracias a esa idea de protecci\u00f3n y de cuidado que forma parte consustancial de las caracter\u00edsticas de un estado moderno como es el nuestro y es que, sin esa idea quiz\u00e1 las cuevas estar\u00edan comidas por el tiempo o habr\u00edan sido hurtadas a los ciudadanos\u201d, ha reivindicado<\/p>\n<p>Seg\u00fan el presidente del Gobierno, \u201cel Museo de Altamira y del Prado son ejemplo de cooperaci\u00f3n p\u00fablico-privada, que es el modelo que m\u00e1s podemos aportar en los tiempo que vivimos, forman parte de lo p\u00fablico pero se ven complementados y mejorados por la sociedad civil; por las empresas y las instituciones que siguen creyendo en el valor social de la cultura\u201d y ese, ha continuado, \u201ces el camino de futuro y en el que habr\u00e1 que seguir profundizando, inversi\u00f3n, responsabilidad y talento, esos son los ejes de una buena gesti\u00f3n del patrimonio art\u00edstico\u201d.<\/p>\n<p>Tambi\u00e9n, ha agradecido p\u00fablicamente \u201cel talento y el esfuerzo\u201d de los conservadores y trabajadores y trabajadoras del Museo Nacional de Altamira de los y las que ha dicho, \u201chab\u00e9is hecho posible la preservaci\u00f3n de la Cueva, el logro de la Neocueva de la que tenemos que sentir orgullo y la apertura del museo a la sociedad\u201d.<\/p>\n<p>\u201cHace m\u00e1s de 35.000 a\u00f1os hab\u00eda seres humanos viviendo en estas cuevas, el mundo ha cambiado radicalmente. A\u00fan sigue habiendo personas que echen de menos las cavernas\u201d, ha sostenido.<\/p>\n<p>Para S\u00e1nchez, el progreso ha trasformado la vida de las mujeres y de los hombres, hasta el punto de que somos incapaces de imaginarnos a nosotros mismos en una vida as\u00ed. Sin embargo, las pinturas de Altamira nos estremecen por su belleza, por su poder de evocaci\u00f3n y humanidad\u201d. \u201cNuestro deber es preservar ese testimonio por las generaciones que vengan\u201d, ha resaltado.<\/p>\n<p><strong>Ferial de Torrelavega<\/strong><\/p>\n<p>Posteriormente, el presidente del Gobierno se ha trasladado hasta el Mercado Nacional de Ganados (MNG) \u201cJes\u00fas Collado Soto\u201d, en la que ha sido la primera visita que realiza un jefe del Gobierno al ferial en palabras del alcalde de Torrelavega, Jos\u00e9 Manuel Cruz Viadero. Un Mercado de Ganados, que tambi\u00e9n ha visitado junto a Zuloaga y Cruz Viadero entre otros y que para S\u00e1nchez, \u201csimboliza el coraz\u00f3n ganadero de Cantabria y de buena parte de nuestro pa\u00eds\u201d.<\/p>\n<p>Durante su visita, que inclu\u00eda un encuentro abierto con los representantes del sector primario de Cantabria, el jefe del Ejecutivo ha afirmado que \u201cel sector agroalimentario, es un sector estrat\u00e9gico para abordar algunos de los mayores desaf\u00edos que enfrenta nuestro pa\u00eds como es la despoblaci\u00f3n, la seguridad alimentaria o tambi\u00e9n, el cambio clim\u00e1tico\u201d.<\/p>\n<p>\u201cEl paisaje de Espa\u00f1a, ha sido forjado por nuestros agricultores y ganaderos. Los mismos, que mantienen nuestros espacios naturales, quienes m\u00e1s se ocupan y preocupan por el medio ambiente y bienestar de los animales y por la preservaci\u00f3n de la biodiversidad\u201d, ha resaltado.<\/p>\n<p>Seg\u00fan ha dicho, \u201ceste sector agroalimentario aporta mucho m\u00e1s valor a\u00f1adido del que puede medirse en t\u00e9rminos de PIB, empleo o exportaciones\u201d.<\/p>\n<p>En esta l\u00ednea, ha se\u00f1alado que este sector representa, \u201cel 10 por ciento de nuestro PIB, de nuestra capacidad de riqueza al a\u00f1o y ocupa m\u00e1s de 2.700.000 personas en la agricultura, ganader\u00eda, pesca, silvicultura y en la industria alimentaria\u201d. Por tanto, \u201cestamos hablando de una producci\u00f3n anual de m\u00e1s de 100.000 millones de euros en 2018, de los que aproximadamente la mitad de los datos, est\u00e1n vinculado al comercio exterior, es decir, con la exportaci\u00f3n\u201d.<\/p>\n<p>El pasado a\u00f1o, ha dicho, \u201cla renta agraria alcanz\u00f3 los 30.000 millones de euros, un record hist\u00f3rico que demuestra el dinamismo y la competitividad del sector\u201d. Son cifras, en definitiva, \u201cque nos sit\u00faan como la octava potencia mundial en el sector agroalimentario y la cuarta en el conjunto de la Uni\u00f3n Europea\u201d.<\/p>\n<p>El presidente ha hecho una defensa del papel de Europa como clave para conservar el sector ganadero. &#8220;Tenemos que seguir protegiendo a Europa para que Europa pueda seguir protegiendo a los que m\u00e1s dependen de ella. El futuro del campo espa\u00f1ol pasa por una pol\u00edtica europea realista&#8221;.<\/p>\n<p><strong>La PAC<\/strong><\/p>\n<p>Por otro lado, ha recordado que \u201cel pasado 1 de marzo, el Consejo de Ministros aprob\u00f3 la reforma del Paquete L\u00e1cteo que persigue varios objetivos, por un lado, reforzar el papel de los organizaciones de los productores en la negociaci\u00f3n de los contratos para mejorar la posici\u00f3n de los ganaderos en la cadena de valor y por otro, facilitar la transici\u00f3n del r\u00e9gimen de cuotas l\u00e1cteas a la liberalizaci\u00f3n de la producci\u00f3n\u201d. \u201cSe de la importancia del sector l\u00e1cteo en Cantabria, que produce el 6 por ciento del total nacional\u201d, ha matizado.<\/p>\n<p>Por eso, ha reiterado, \u201csomos muy conscientes de que para afrontar los desaf\u00edos inmediatos es imprescindible tener en cuenta un factor fundamental en la ecuaci\u00f3n del sector agroalimentario, y ese factor se llama Uni\u00f3n Europea y m\u00e1s en concreto, la Pol\u00edtica Agr\u00edcola com\u00fan (PAC)\u201d.<\/p>\n<p>La PAC, ha sostenido, es \u201cpura concreci\u00f3n de lo que significa el proyecto europeo, una aut\u00e9ntica base sobre la que se asienta el tejido econ\u00f3mico, social del medio rural y tambi\u00e9n, de la econom\u00eda del sector agroalimentario\u201d. Se trata, \u201cde una pol\u00edtica esencial para nuestra econom\u00eda nacional pero sobre todo, para nuestro medio rural y las personas que ven en ello su medio de vida, seguridad y soberan\u00eda alimentaria, significa trazabilidad, calidad garantizada, est\u00e1ndares rigurosos, derechos laborales, sociales y medioambientales, significa un sello de calidad para nuestro campo del que Espa\u00f1a se siente muy orgulloso\u201d.<\/p>\n<p>\u201cDefendemos una PAC renovada que es lo que est\u00e1 defendiendo el Gobierno de Espa\u00f1a, desde el acuerdo, la unidad y el consenso con las organizaciones profesionales, tambi\u00e9n con las instituciones p\u00fablicas y despu\u00e9s con los socios europeos\u201d, ha insistido.<\/p>\n<p>En este sentido, S\u00e1nchez ha manifestado \u201cel compromiso del Gobierno para seguir trabajando en la defensa de una Pol\u00edtica Agr\u00edcola Com\u00fan que preserve su presupuesto actual\u201d. \u00b7El presupuesto tiene que continuar siendo el mismo, con tres fundamentos: el primero, la sostenibilidad social; el segundo, la sostenibilidad medioambiental y el tercero; la competitividad\u201d, ha subrayado.<\/p>\n<p>Tambi\u00e9n, ha asegurado que en los pr\u00f3ximos diez a\u00f1os se van a jubilar seis de cada diez agricultores en nuestro pa\u00eds. Por tanto, el relevo generacional debe ser una absoluta prioridad y para ello, hay que luchas contra estigmas o visiones ancladas en el pasado sobre la industria agroalimentaria\u201d.<\/p>\n<p>&#8220;Repoblar la espa\u00f1a rural implica potenciar el papel de los j\u00f3venes y las mujeres. Para que la agricultura y la ganader\u00eda sean sostenibles tienen que ser permeables a la innovaci\u00f3n. no podemos quedarnos atr\u00e1s. Tenemos que conquistar nuevos mercados&#8221;, ha se\u00f1alado el presidente del Gobierno.<\/p>\n<p>Asimismo, ha se\u00f1alado que \u201cel pasado 25 de febrero, se inici\u00f3 formalmente la redacci\u00f3n del Plan Estrat\u00e9gico nacional para la aplicaci\u00f3n de la PAC en Espa\u00f1a en el periodo 2021-2027. Se trata de un proceso que hemos querido que sea participativo, en el que todos los sectores, la sociedad civil, las administraciones deben tener una inclinaci\u00f3n relevante\u201d.<\/p>\n<p>\u201cContaremos con m\u00e1s de 50.000 millones de euros, fondos PAC m\u00e1s fondos de financiaci\u00f3n nacional para luchar contra el cambio clim\u00e1tico, trabajar por la repoblaci\u00f3n de la Espa\u00f1a interior y el logro de un sector agroalimentario competitivo\u201d, ha concluido.<\/p>\n<p><strong>Visita a la bolera\u00a0<\/strong><\/p>\n<p>Finalmente, el presidente del Gobierno, Pedro S\u00e1nchez, ha finalizado su visita en la Escuela de Bolos de Torrelavega, Severino Prieto, donde se ha reunido con sus alumnas y alumnos y donde\u00a0han estado tambi\u00e9n presentes el consejero de Educaci\u00f3n, Cultura y Deportes, Francisco Fern\u00e1ndez Ma\u00f1anes y la directora general de Deportes, Francisco Fern\u00e1ndez Ma\u00f1anes y Gloria G\u00f3mez, y el secretario general del PSOE de Torrelavega, Bernardo Bustillo.<\/p>\n<p>&nbsp; <\/p>\n","protected":false},"excerpt":{"rendered":"<p>El presidente del Gobierno de Espa\u00f1a, Pedro S\u00e1nchez ha estado este martes de visita oficial en Cantabria. En esta ocasi\u00f3n, el jefe del Ejecutivo, ha acudido a Santillana del Mar, acompa\u00f1ado del delegado del Gobierno en Cantabria, Pablo Zuloaga, el alcalde de la localidad, Isidoro R\u00e1bago, y la directora de Altamira, Pilar Fat\u00e1s, entre otras [&hellip;]<\/p>\n","protected":false},"author":2,"featured_media":2791,"comment_status":"open","ping_status":"open","sticky":false,"template":"","format":"standard","meta":{"tdm_status":"","tdm_grid_status":"","footnotes":""},"categories":[1],"tags":[],"class_list":["post-2790","post","type-post","status-publish","format-standard","has-post-thumbnail","hentry","category-uncategorized"],"_links":{"self":[{"href":"https:\/\/www.psc-psoe.es\/index.php\/wp-json\/wp\/v2\/posts\/2790","targetHints":{"allow":["GET"]}}],"collection":[{"href":"https:\/\/www.psc-psoe.es\/index.php\/wp-json\/wp\/v2\/posts"}],"about":[{"href":"https:\/\/www.psc-psoe.es\/index.php\/wp-json\/wp\/v2\/types\/post"}],"author":[{"embeddable":true,"href":"https:\/\/www.psc-psoe.es\/index.php\/wp-json\/wp\/v2\/users\/2"}],"replies":[{"embeddable":true,"href":"https:\/\/www.psc-psoe.es\/index.php\/wp-json\/wp\/v2\/comments?post=2790"}],"version-history":[{"count":0,"href":"https:\/\/www.psc-psoe.es\/index.php\/wp-json\/wp\/v2\/posts\/2790\/revisions"}],"wp:featuredmedia":[{"embeddable":true,"href":"https:\/\/www.psc-psoe.es\/index.php\/wp-json\/wp\/v2\/media\/2791"}],"wp:attachment":[{"href":"https:\/\/www.psc-psoe.es\/index.php\/wp-json\/wp\/v2\/media?parent=2790"}],"wp:term":[{"taxonomy":"category","embeddable":true,"href":"https:\/\/www.psc-psoe.es\/index.php\/wp-json\/wp\/v2\/categories?post=2790"},{"taxonomy":"post_tag","embeddable":true,"href":"https:\/\/www.psc-psoe.es\/index.php\/wp-json\/wp\/v2\/tags?post=2790"}],"curies":[{"name":"wp","href":"https:\/\/api.w.org\/{rel}","templated":true}]}}