{"id":2757,"date":"2019-03-09T16:06:57","date_gmt":"2019-03-09T15:06:57","guid":{"rendered":"https:\/\/www.psc-psoe.es\/?p=2757"},"modified":"2019-03-09T16:06:57","modified_gmt":"2019-03-09T15:06:57","slug":"lastra-asegura-que-este-8m-se-ha-demostrado-que-ya-no-se-puede-hacer-nada-sin-nosotras-y-mucho-menos-contra-nosotras","status":"publish","type":"post","link":"https:\/\/www.psc-psoe.es\/index.php\/2019\/03\/09\/lastra-asegura-que-este-8m-se-ha-demostrado-que-ya-no-se-puede-hacer-nada-sin-nosotras-y-mucho-menos-contra-nosotras\/","title":{"rendered":"Lastra asegura que este 8M se ha demostrado que &#8220;ya no se puede hacer nada sin nosotras y mucho menos contra nosotras&#8221;"},"content":{"rendered":"<p>La vicesecretaria general del PSOE, Adriana Lastra, ha considerado que las movilizaciones masivas en toda Espa\u00f1a con motivo del 8 de Marzo, D\u00eda Internacional de la Mujer, han demostrado que &#8220;ya no se puede hacer nada sin nosotras y mucho menos contra nosotras&#8221;.<\/p>\n<p>Para la dirigente socialista, la jornada de ayer fue &#8220;hist\u00f3rica&#8221; como la de 2018 y &#8220;super\u00f3 cualquier expectativa&#8221; con todas las manifestaciones y concentraciones que hubo, desde &#8220;la &#8220;gran manifestaci\u00f3n&#8221; en Madrid o &#8220;aqu\u00ed en Santander&#8221; hasta las que se hicieron en &#8220;muchos pueblos&#8221;.<\/p>\n<p>&#8220;En pueblos de 1.000 o 2.000 habitantes tambi\u00e9n hubo concentraciones y manifestaciones para reivindicar que las mujeres hemos venido para quedarnos a la pol\u00edtica, a la empresa, a los medios de comunicaci\u00f3n&#8230; y que queremos la mitad de todo&#8221;, ha enfatizado Lastra.<\/p>\n<p>La vicesecretaria del PSOE ha asegurado que las mujeres ya &#8220;no vamos a renunciar a nada&#8221; y &#8220;desde luego no vamos a permitir ni un paso atr\u00e1s en la lucha contra la violencia de g\u00e9nero, ni un paso atr\u00e1s en la lucha contra el acoso sexual, ni un paso atr\u00e1s para acabar con la brecha salarial&#8221;.<\/p>\n<p>En su opini\u00f3n, con las movilizaciones masivas de ayer viernes &#8220;todas y todos tenemos que estar muy contentos porque el feminismo es una tarea pol\u00edtica que profundiza en la democracia y en la justicia social y creo que este pa\u00eds ayer grito muy alto que quiere una democracia plena y justa&#8221;.<\/p>\n<p>&#8220;Somos la mitad de la poblaci\u00f3n y queremos tener la mitad de todo&#8221;, ha insistido la dirigente del PSOE, que ha lamentado que haya formaciones pol\u00edticas que consideren que las manifestaciones del 8M\u00a0han sido &#8220;una especie de lucha entre sexos&#8221;.<\/p>\n<p>&#8220;Para nada. Nosotras queremos la mitad de todo, queremos compartir la mitad de las obligaciones, de las responsabilidades y de los cuidados tambi\u00e9n&#8221;, ha concluido Lastra su valoraci\u00f3n sobre la jornada de ayer en declaraciones a los medios de comunicaci\u00f3n en Santander.<\/p>\n<p>La vicesecretaria general del PSOE ha participado en la capital de CANTABRIA en un acto del partido de Santander en el que se ha homenajeado a la fallecida exministra socialista de Cultura Carmen Alborch y se ha reconocido el &#8220;compromiso por la igualdad&#8221; de la asociaci\u00f3n Consuelo Berges, el centro cultural Quima y de AMICA.<\/p>\n<p>El secretario general del PSOE santanderino y candidato a la Alcald\u00eda, Pedro Casares, ha ensalzado que los socialistas quieren homenajear y recordar a Alborch, fallecida el pasado octubre, como un &#8220;ejemplo de lucha por la igualdad como motor de vida&#8221; y un &#8220;valor del feminismo universal&#8221;.<\/p>\n<p>Y, junto a ella, reconocer la trayectoria de la asociaci\u00f3n Consuelo Berges, cuya presidenta es la hist\u00f3rica feminista Mar\u00eda \u00c1ngeles Ruiz Tagle, que lleva m\u00e1s de 25 a\u00f1os ayudando a las mujeres viudas y maltratadas.<\/p>\n<p>De la misma forma se ha reconocido al centro cultural Quima, que lleva m\u00e1s de 30 a\u00f1os en la ladera norte de General D\u00e1vila, en Prado San Roque, formado &#8220;mayoritariamente por mujeres que voluntariamente organizan y dan cursos formativos&#8221;. Los socialistas tambi\u00e9n han premiado la contribuci\u00f3n de AMICA, que trabaja en el campo social, fomentando la empleabilidad de mujeres con discapacidad.<\/p>\n<p>&#8220;Es la primera vez que hacemos este reconocimiento a asociaciones y colectivos comprometidos con la igualdad en Santander que llevan much\u00edsimo tiempo haciendo ciudad y es un orgullo que hayan aceptado este reconocimiento porque el PSOE lleva 140 a\u00f1os de historia comprometido con la igualdad&#8221;, ha dicho Casares.<\/p>\n<p>El l\u00edder de los socialistas santanderinos ha agradecido la presencia en este acto de la dirigente nacional Adriana Lastra de la que, ha dicho, &#8220;es una de esas mujeres que ha hecho bandera en el PSOE, de una generaci\u00f3n diferente a Alborch pero que ha recogido su testigo en la lucha por el compromiso de las mujeres&#8221;.<\/p>\n<p>En el acto tambi\u00e9n ha participado el secretario general del PSOE de CANTABRIA y candidato a la Presidencia de la comunidad, Pablo ZULOAGA, que ha reivindicado que &#8220;ning\u00fan partido&#8221; puede dar al PSOE &#8220;ninguna lecci\u00f3n en materia de igualdad&#8221; porque es &#8220;el primero en implantar medidas&#8221; para lograrla.<\/p>\n<p>As\u00ed, se ha referido no s\u00f3lo a medidas internas, como la paridad en los \u00f3rganos de direcci\u00f3n del partido y en los consejos de gobierno cuando tiene la responsabilidad, sino tambi\u00e9n a las que promueve el PSOE desde las instituciones, como la ampliaci\u00f3n del permiso de paternidad impulsado por el Gobierno de Pedro S\u00e1nchez o la aprobaci\u00f3n en CANTABRIA de la Ley de Igualdad, promovida por &#8220;nuestra&#8221; vicepresidenta, Eva D\u00edaz Tezanos.<\/p>\n<p>&#8220;Esto nos hace afrontar la vida de otra manera y entender que la manifestaci\u00f3n que ayer lleno las calles de Santander con m\u00e1s de 15.000 personas es un grito clamando por una sociedad m\u00e1s igualitaria y m\u00e1s justa&#8221;, ha dicho Zuloaga. <\/p>\n","protected":false},"excerpt":{"rendered":"<p>La vicesecretaria general del PSOE, Adriana Lastra, ha considerado que las movilizaciones masivas en toda Espa\u00f1a con motivo del 8 de Marzo, D\u00eda Internacional de la Mujer, han demostrado que &#8220;ya no se puede hacer nada sin nosotras y mucho menos contra nosotras&#8221;. Para la dirigente socialista, la jornada de ayer fue &#8220;hist\u00f3rica&#8221; como la [&hellip;]<\/p>\n","protected":false},"author":2,"featured_media":2758,"comment_status":"open","ping_status":"open","sticky":false,"template":"","format":"standard","meta":{"tdm_status":"","tdm_grid_status":"","footnotes":""},"categories":[20,16],"tags":[],"class_list":["post-2757","post","type-post","status-publish","format-standard","has-post-thumbnail","hentry","category-santander","category-noticias-santander"],"_links":{"self":[{"href":"https:\/\/www.psc-psoe.es\/index.php\/wp-json\/wp\/v2\/posts\/2757","targetHints":{"allow":["GET"]}}],"collection":[{"href":"https:\/\/www.psc-psoe.es\/index.php\/wp-json\/wp\/v2\/posts"}],"about":[{"href":"https:\/\/www.psc-psoe.es\/index.php\/wp-json\/wp\/v2\/types\/post"}],"author":[{"embeddable":true,"href":"https:\/\/www.psc-psoe.es\/index.php\/wp-json\/wp\/v2\/users\/2"}],"replies":[{"embeddable":true,"href":"https:\/\/www.psc-psoe.es\/index.php\/wp-json\/wp\/v2\/comments?post=2757"}],"version-history":[{"count":0,"href":"https:\/\/www.psc-psoe.es\/index.php\/wp-json\/wp\/v2\/posts\/2757\/revisions"}],"wp:featuredmedia":[{"embeddable":true,"href":"https:\/\/www.psc-psoe.es\/index.php\/wp-json\/wp\/v2\/media\/2758"}],"wp:attachment":[{"href":"https:\/\/www.psc-psoe.es\/index.php\/wp-json\/wp\/v2\/media?parent=2757"}],"wp:term":[{"taxonomy":"category","embeddable":true,"href":"https:\/\/www.psc-psoe.es\/index.php\/wp-json\/wp\/v2\/categories?post=2757"},{"taxonomy":"post_tag","embeddable":true,"href":"https:\/\/www.psc-psoe.es\/index.php\/wp-json\/wp\/v2\/tags?post=2757"}],"curies":[{"name":"wp","href":"https:\/\/api.w.org\/{rel}","templated":true}]}}