{"id":2736,"date":"2019-03-07T13:37:53","date_gmt":"2019-03-07T12:37:53","guid":{"rendered":"https:\/\/www.psc-psoe.es\/?p=2736"},"modified":"2019-03-07T13:42:02","modified_gmt":"2019-03-07T12:42:02","slug":"el-psoe-hace-un-llamamiento-a-llenar-las-calles-el-8m-en-defensa-de-la-igualdad","status":"publish","type":"post","link":"https:\/\/www.psc-psoe.es\/index.php\/2019\/03\/07\/el-psoe-hace-un-llamamiento-a-llenar-las-calles-el-8m-en-defensa-de-la-igualdad\/","title":{"rendered":"El PSOE hace un llamamiento a &#8220;llenar las calles\u201d el 8M en defensa de la igualdad"},"content":{"rendered":"<p><strong>\u00a0<\/strong>La secretaria de Organizaci\u00f3n del PSOE de Cantabria, Noelia Cobo, ha realizado un llamamiento \u201cpara que el viernes, 8 de marzo sea un d\u00eda en el que en Cantabria marque la historia y volvamos a llenar las calles las calles para reclamar la igualdad entre mujeres y hombres\u201d. Por tanto, ha se\u00f1alado \u201clos y las socialistas nos sumamos a los paros y a la huelga feminista y a participar en las diferentes actividades programadas en los diferentes puntos de nuestra comunidad aut\u00f3nomas\u201d.<\/p>\n<p>Para Cobo, \u201cla igualdad es necesaria para que todas y todos, convivamos en una sociedad justa, libre e igualitaria y sin discriminaci\u00f3n para la mujer en cualquier \u00e1mbito de la vida\u201d. Una sociedad, ha dicho \u201cd\u00f3nde no tenga cabida la violencia de g\u00e9nero, el miedo y la desprotecci\u00f3n\u201d.<\/p>\n<p>\u201cEste 8 de marzo, m\u00e1s que nunca, tiene que producirse una movilizaci\u00f3n masiva en defensa de los derechos y libertades de las mujeres. Es ahora cuando hay que poner freno a la ultraderecha que amenaza todas las pol\u00edticas de igualdad que nos ha costado tanto conseguir y sacar adelante\u201d, ha reiterado.<\/p>\n<p>La dirigente socialista ha se\u00f1alado que \u201cel PSOE es un partido feminista, que escucha y apoya el feminismo que se ha situado siempre de manera transversal en nuestra agenda pol\u00edtica y que cree que, sin igualdad ni libertad, no existe la\u00a0 democracia\u201d. \u201c<\/p>\n<p>Seg\u00fan la n\u00famero dos del PSOE c\u00e1ntabro, \u201ceste viernes, \u201ctenemos que visibilizar que el PSOE mantiene su compromiso firme con la igualdad y que no van a consentir que PP y Cs hagan retroceder al pasado porque los derechos de las mujeres ni se negocian ni se recortan\u201d<\/p>\n<p><strong>\u00a0<\/strong><strong>\u00a0\u201cLa derecha nunca ha querido o\u00edr ni hablar de feminismo\u201d<\/strong><\/p>\n<p><strong>\u00a0<\/strong>Por otro lado, la dirigente socialista ha lamentado que \u201cPP y Cs, se sumen a la ultraderecha de la foto de Col\u00f3n y no crean en el feminismo ni en el prop\u00f3sito del 8M\u201d porque ha continuado, \u201cnunca han querido ni o\u00edr ni hablar de la lucha feminista y tampoco lo van hacer ahora\u201d.<\/p>\n<p>En esta l\u00ednea, ha criticado que \u201cel Gobierno del PP puso en marcha una reforma laboral que, en ninguno de los casos beneficiaba a las mujeres sino todo lo contrario, empeoraba las condiciones laborales e incrementaba la brecha salarial y la desigualdad que existe entre mujeres y hombres en el \u00e1mbito laboral\u201d.<\/p>\n<p>Una reforma laboral, ha manifestado \u201cde la que se tienen que desmontar los aspectos m\u00e1s lesivos y para lo que el gobierno de Pedro S\u00e1nchez, en apenas ocho meses, ha presentando un proyecto de Ley de Igualdad Salarial y otro de Igualdad Laboral\u201d.<\/p>\n<p>Por \u00faltimo, Noelia Cobo ha asegurado que este 8 de marzo \u201chay que unirse de verdad a trabajar por las mujeres de Cantabria y de todo Espa\u00f1a, juntas y juntos\u201d. \u201cLa igualdad es responsabilidad de todas y todos\u201d, ha finalizado la socialista. <\/p>\n","protected":false},"excerpt":{"rendered":"<p>\u00a0La secretaria de Organizaci\u00f3n del PSOE de Cantabria, Noelia Cobo, ha realizado un llamamiento \u201cpara que el viernes, 8 de marzo sea un d\u00eda en el que en Cantabria marque la historia y volvamos a llenar las calles las calles para reclamar la igualdad entre mujeres y hombres\u201d. Por tanto, ha se\u00f1alado \u201clos y las [&hellip;]<\/p>\n","protected":false},"author":2,"featured_media":2743,"comment_status":"open","ping_status":"open","sticky":false,"template":"","format":"standard","meta":{"tdm_status":"","tdm_grid_status":"","footnotes":""},"categories":[1],"tags":[],"class_list":["post-2736","post","type-post","status-publish","format-standard","has-post-thumbnail","hentry","category-uncategorized"],"_links":{"self":[{"href":"https:\/\/www.psc-psoe.es\/index.php\/wp-json\/wp\/v2\/posts\/2736","targetHints":{"allow":["GET"]}}],"collection":[{"href":"https:\/\/www.psc-psoe.es\/index.php\/wp-json\/wp\/v2\/posts"}],"about":[{"href":"https:\/\/www.psc-psoe.es\/index.php\/wp-json\/wp\/v2\/types\/post"}],"author":[{"embeddable":true,"href":"https:\/\/www.psc-psoe.es\/index.php\/wp-json\/wp\/v2\/users\/2"}],"replies":[{"embeddable":true,"href":"https:\/\/www.psc-psoe.es\/index.php\/wp-json\/wp\/v2\/comments?post=2736"}],"version-history":[{"count":0,"href":"https:\/\/www.psc-psoe.es\/index.php\/wp-json\/wp\/v2\/posts\/2736\/revisions"}],"wp:featuredmedia":[{"embeddable":true,"href":"https:\/\/www.psc-psoe.es\/index.php\/wp-json\/wp\/v2\/media\/2743"}],"wp:attachment":[{"href":"https:\/\/www.psc-psoe.es\/index.php\/wp-json\/wp\/v2\/media?parent=2736"}],"wp:term":[{"taxonomy":"category","embeddable":true,"href":"https:\/\/www.psc-psoe.es\/index.php\/wp-json\/wp\/v2\/categories?post=2736"},{"taxonomy":"post_tag","embeddable":true,"href":"https:\/\/www.psc-psoe.es\/index.php\/wp-json\/wp\/v2\/tags?post=2736"}],"curies":[{"name":"wp","href":"https:\/\/api.w.org\/{rel}","templated":true}]}}