{"id":2682,"date":"2019-02-28T17:41:17","date_gmt":"2019-02-28T16:41:17","guid":{"rendered":"https:\/\/www.psc-psoe.es\/?p=2682"},"modified":"2019-02-28T17:41:17","modified_gmt":"2019-02-28T16:41:17","slug":"fomento-invertira-444-824-euros-en-la-mejora-peatonal-del-enlace-tanos-viernoles","status":"publish","type":"post","link":"https:\/\/www.psc-psoe.es\/index.php\/2019\/02\/28\/fomento-invertira-444-824-euros-en-la-mejora-peatonal-del-enlace-tanos-viernoles\/","title":{"rendered":"Fomento invertir\u00e1 444.824 euros en la mejora peatonal del enlace Tanos-Vi\u00e9rnoles"},"content":{"rendered":"<p>El Delegado del Gobierno en Cantabria, Pablo Zuloaga, y el jefe de la Demarcaci\u00f3n de Carreteras del Estado en Cantabria, Fernando Hern\u00e1ndez Alastuey, han presentado al alcalde de Torrelavega, Jos\u00e9 Manuel Cruz Viadero, y el concejal Jos\u00e9\u00a0 Luis Urraca el proyecto de mejora peatonal del enlace Tanos-Vi\u00e9rnoles, en el PK 178 de la autov\u00eda A-67.<\/p>\n<p>Pablo Zuloaga ha calificado como \u201cuna buena noticia para Torrelavega\u201d esta actuaci\u00f3n, consistente en la rectificaci\u00f3n de un carril para dar acceso a la estaci\u00f3n de Renfe y la construcci\u00f3n una senda peatonal que permita a los viandantes desplazarse con seguridad de un lado a otro de la glorieta, con la instalaci\u00f3n de pasos de cebra, y que enlazar\u00e1 con la acera ya existente.<\/p>\n<p>En este sentido, ha afirmado que la actuaci\u00f3n mejorar\u00e1 \u201cnotablemente\u201d la calidad de vida de los vecinos y vecinas que a diario transitan por la zona para acceder a la estaci\u00f3n de tren, pues \u201cganar\u00e1n en seguridad en sus desplazamientos en un punto conflictivo\u201d.<\/p>\n<p>As\u00ed, ha se\u00f1alado que el objetivo del proyecto del Ministerio de Fomento es mejorar la seguridad, tanto de los peatones como de los veh\u00edculos que atraviesan la rotonda que da acceso y salida a la autov\u00eda A-67.<\/p>\n<p>Para ello, el Ministerio de Fomento invertir\u00e1 444.824.24 euros, incluyendo partidas para las expropiaciones y servicios afectados por un proyecto que se licitar\u00e1 en los pr\u00f3ximos meses para iniciar las obras a lo largo de 2019.<\/p>\n<p>Adem\u00e1s de la construcci\u00f3n de aceras y pasos peatonales, el proyecto prev\u00e9 la recolocaci\u00f3n de la se\u00f1alizaci\u00f3n vertical y el repintado de la se\u00f1alizaci\u00f3n horizontal para a\u00f1adir los nuevos pasos de cebra.<\/p>\n<p>Zuloaga ha se\u00f1alado que \u00e9ste \u201ces un nuevo ejemplo de c\u00f3mo el Ministerio de Fomento y el Gobierno de Espa\u00f1a trabajan por mejorar las condiciones de comunicaci\u00f3n en Cantabria y, en este caso, en Torrelavega\u201d.<\/p>\n<p><strong>Compromiso con Torrelavega<\/strong><\/p>\n<p>Pablo Zuloaga ha asegurado que con la mejora peatonal de este enlace \u201cse da respuesta a una vieja aspiraci\u00f3n de Torrelavega\u201d, recordando que su alcalde la ha reclamado tanto a la Demarcaci\u00f3n de Carreteras como a la Delegaci\u00f3n del Gobierno \u201cinsistiendo siempre en la seguridad de los torrelaveguenses\u201d.<\/p>\n<p>Por su parte, Jos\u00e9 Manuel Cruz Viadero ha calificado la obra como \u201cuna vieja demanda\u201d del Ayuntamiento porque esta rotonda \u201ces peligrosa\u201d en algunos tramos, tanto para los veh\u00edculos como para los peatones.<\/p>\n<p>En este sentido, el alcalde ha mostrado su \u201cgran satisfacci\u00f3n\u201d por la mejora del enlace con la estaci\u00f3n de Renfe y la instalaci\u00f3n de pasos de peatones, \u201cque era lo que m\u00e1s nos demandaban los vecinos\u201d.<\/p>\n<p>As\u00ed, ha agradecido que Fomento atienda \u00a0las reivindicaciones de la ciudad y ha explicado que en los 8 meses que Pablo Zuloaga lleva al frente de la Delegaci\u00f3n del Gobierno \u201cha habido un cambio total desde el Ministerio hacia Torrelavega, donde ahora \u00a0se est\u00e1n realizando varias inversiones\u201d.<\/p>\n<p>En este sentido, ha pedio a Fomento \u201cun \u00faltimo esfuerzo\u201d para encender \u00a0la rotonda de Sierrapando, al tiempo que ha recordado que en estos 8 meses el Ministerio ya ha recuperado el alumbrado en las glorietas de La Inmobiliaria y la de Torre <\/p>\n","protected":false},"excerpt":{"rendered":"<p>El Delegado del Gobierno en Cantabria, Pablo Zuloaga, y el jefe de la Demarcaci\u00f3n de Carreteras del Estado en Cantabria, Fernando Hern\u00e1ndez Alastuey, han presentado al alcalde de Torrelavega, Jos\u00e9 Manuel Cruz Viadero, y el concejal Jos\u00e9\u00a0 Luis Urraca el proyecto de mejora peatonal del enlace Tanos-Vi\u00e9rnoles, en el PK 178 de la autov\u00eda A-67. [&hellip;]<\/p>\n","protected":false},"author":2,"featured_media":2681,"comment_status":"open","ping_status":"open","sticky":false,"template":"","format":"standard","meta":{"tdm_status":"","tdm_grid_status":"","footnotes":""},"categories":[1],"tags":[],"class_list":["post-2682","post","type-post","status-publish","format-standard","has-post-thumbnail","hentry","category-uncategorized"],"_links":{"self":[{"href":"https:\/\/www.psc-psoe.es\/index.php\/wp-json\/wp\/v2\/posts\/2682","targetHints":{"allow":["GET"]}}],"collection":[{"href":"https:\/\/www.psc-psoe.es\/index.php\/wp-json\/wp\/v2\/posts"}],"about":[{"href":"https:\/\/www.psc-psoe.es\/index.php\/wp-json\/wp\/v2\/types\/post"}],"author":[{"embeddable":true,"href":"https:\/\/www.psc-psoe.es\/index.php\/wp-json\/wp\/v2\/users\/2"}],"replies":[{"embeddable":true,"href":"https:\/\/www.psc-psoe.es\/index.php\/wp-json\/wp\/v2\/comments?post=2682"}],"version-history":[{"count":0,"href":"https:\/\/www.psc-psoe.es\/index.php\/wp-json\/wp\/v2\/posts\/2682\/revisions"}],"wp:featuredmedia":[{"embeddable":true,"href":"https:\/\/www.psc-psoe.es\/index.php\/wp-json\/wp\/v2\/media\/2681"}],"wp:attachment":[{"href":"https:\/\/www.psc-psoe.es\/index.php\/wp-json\/wp\/v2\/media?parent=2682"}],"wp:term":[{"taxonomy":"category","embeddable":true,"href":"https:\/\/www.psc-psoe.es\/index.php\/wp-json\/wp\/v2\/categories?post=2682"},{"taxonomy":"post_tag","embeddable":true,"href":"https:\/\/www.psc-psoe.es\/index.php\/wp-json\/wp\/v2\/tags?post=2682"}],"curies":[{"name":"wp","href":"https:\/\/api.w.org\/{rel}","templated":true}]}}