{"id":2658,"date":"2019-02-26T14:30:39","date_gmt":"2019-02-26T13:30:39","guid":{"rendered":"https:\/\/www.psc-psoe.es\/?p=2658"},"modified":"2019-02-26T14:30:39","modified_gmt":"2019-02-26T13:30:39","slug":"el-psoe-cree-que-el-prc-tiene-que-decidir-entre-una-cantabria-de-derechos-o-de-derechas","status":"publish","type":"post","link":"https:\/\/www.psc-psoe.es\/index.php\/2019\/02\/26\/el-psoe-cree-que-el-prc-tiene-que-decidir-entre-una-cantabria-de-derechos-o-de-derechas\/","title":{"rendered":"El PSOE cree que el PRC tiene que decidir entre una \u201cCantabria de derechos o de derechas\u201d"},"content":{"rendered":"<p>El portavoz del Grupo Parlamentario Socialista, V\u00edctor Casal, ha lamentado que \u00a0con los votos de PP, Cs y PRC, a favor de admitir a tr\u00e1mite las comparecencias a la Ley LGTBI \u201cse ha alargado esta tramitaci\u00f3n legislativa y nos han dejado sin tiempo efectivo para aprobarla esta legislatura\u201d.<\/p>\n<p>Seg\u00fan Casal, estas 23 comparecencias \u201cinnecesarias\u201d han generado \u201cuna situaci\u00f3n decepcionante y uno de los momentos m\u00e1s tristes que se han vivido en el Parlamento de Cantabria\u201d.<\/p>\n<p>Para el socialista, \u201ccab\u00eda de esperar esa conjunci\u00f3n entre las derechas del PP y Cs, pero el PRC, no sabemos si por desconocimiento o por convicci\u00f3n a la hora de elegir entre las derechas y los derechos, se sum\u00f3 al tridente de las derechas\u201d. \u201cEn definitiva, el se\u00f1or Miguel \u00c1ngel Revilla tiene que decidir entre una Cantabria de derechos o una Cantabria de derechas\u201d.<\/p>\n<p>Asimismo, ha pedido \u201cperd\u00f3n\u201d a todo el colectivo LGTBI de Cantabria y \u201ca todas aquellas personas a las que no vamos a poder reconocer unos derechos de igualdad\u201d. \u201cPedimos perd\u00f3n pero adquirimos un compromiso, cuando el PSOE de Cantabria gobierne tras las pr\u00f3ximas elecciones, se compromete a volver a llevar este proyecto de Ley al Parlamento\u201d, ha reiterado.<\/p>\n<p>En su opini\u00f3n, \u201crecuperaremos este proyecto de ley porque Cantabria no se merece seguir teniendo una sociedad desigual, no puede avanzar si toda su ciudadan\u00eda no tiene reconocidos sus derechos y no puede dar la espalda a ninguno de los ciudadanos y ciudadanas de esta regi\u00f3n\u201d.<\/p>\n<p><strong>Una ley, \u201cen tierra de nadie\u201d<\/strong><\/p>\n<p>Por su parte, el coordinador LGTBI del PSOE de Cantabria, Ismael Saiz, ha denunciado \u201clos recortes de derechos y libertades de este colectivo en nuestra comunidad aut\u00f3noma\u201d.<\/p>\n<p>Saiz, ha criticado que \u201ccon los votos del PP, Cs y PRC a favor de las comparecencias, aparte de bloquear la tramitaci\u00f3n y aprobaci\u00f3n de la Ley LGTBI de Cantabria, ignoran un buen marco legislativo para nuestra regi\u00f3n\u201d.<\/p>\n<p>En esta l\u00ednea, ha reiterado que esas tres formaciones \u201chan tumbado una ley sin dar la cara, una ley que ni les importa ni les interesa, una ley que no solo har\u00eda avanzar en lo social a nuestra comunidad, sino que tambi\u00e9n supon\u00eda el reconocimiento a la memoria de todas aquellas personas que lucharon antes por ella, una ley que culminaba la lucha de un colectivo\u201d. \u201cUna ley que su \u00fanico mal, era otorgar derechos y libertades sin arrebat\u00e1rselos a nadie\u201d, ha insistido.<\/p>\n<p>A su juicio, ante esta situaci\u00f3n el colectivo LGTBI, se queda \u201cen tierra de nadie\u201d y ha mostrado su preocupaci\u00f3n \u201cante la suma de las derechas en este pa\u00eds a los que nunca les han gustado los movimientos sociales\u201d. \u201cY mientras en Cantabria no se tramita esta ley, muchas personas LGTBI son v\u00edctimas de acoso escolar, otras son discriminadas en su entorno laboral por su orientaci\u00f3n sexual e identidad de g\u00e9nero, muchas trans son agredidas en la calles y a otras personas se les contin\u00faa sin reconocer su identidad\u201d, ha resaltado.<\/p>\n<p>Seg\u00fan el socialista, \u201cla sociedad avanza, pero parte de nuestra clase pol\u00edtica, sigue empe\u00f1ada en impedir que la demanda social vaya acompa\u00f1ada del respaldo legislativo que necesitamos\u201d.<\/p>\n<p><strong>Llamamiento a la responsabilidad social<\/strong><\/p>\n<p>Asimismo, Saiz ha hecho un \u201cllamamiento a la responsabilidad social que tienen en sus manos los grupos con representaci\u00f3n en el Parlamento de Cantabria y sobre todo, al PRC que tendr\u00e1 que decidirse por posicionarse del lado de los voceros retr\u00f3grados de Col\u00f3n o de quienes defienden, como el PSOE, los derechos y libertades de las personas\u201d.<\/p>\n<p>Por \u00faltimo, ha manifestado \u201csu apoyo y compromiso con el movimiento LGTBI, que ha sido parte distintiva de su esencia ideol\u00f3gica y lo seguir\u00e1 siendo\u201d.<\/p>\n<p>\u201cSeguiremos trabajando desde las instituciones para que la igualdad de lesbianas, gais, transexuales, bisexuales e intersexuales sea una realidad en nuestra sociedad, defenderemos los derechos conquistados, y apoyaremos, como siempre, a los movimientos que trabajan por lograr la igualdad\u201d, ha finalizado. <\/p>\n","protected":false},"excerpt":{"rendered":"<p>El portavoz del Grupo Parlamentario Socialista, V\u00edctor Casal, ha lamentado que \u00a0con los votos de PP, Cs y PRC, a favor de admitir a tr\u00e1mite las comparecencias a la Ley LGTBI \u201cse ha alargado esta tramitaci\u00f3n legislativa y nos han dejado sin tiempo efectivo para aprobarla esta legislatura\u201d. Seg\u00fan Casal, estas 23 comparecencias \u201cinnecesarias\u201d han [&hellip;]<\/p>\n","protected":false},"author":2,"featured_media":2659,"comment_status":"open","ping_status":"open","sticky":false,"template":"","format":"standard","meta":{"tdm_status":"","tdm_grid_status":"","footnotes":""},"categories":[1],"tags":[],"class_list":["post-2658","post","type-post","status-publish","format-standard","has-post-thumbnail","hentry","category-uncategorized"],"_links":{"self":[{"href":"https:\/\/www.psc-psoe.es\/index.php\/wp-json\/wp\/v2\/posts\/2658","targetHints":{"allow":["GET"]}}],"collection":[{"href":"https:\/\/www.psc-psoe.es\/index.php\/wp-json\/wp\/v2\/posts"}],"about":[{"href":"https:\/\/www.psc-psoe.es\/index.php\/wp-json\/wp\/v2\/types\/post"}],"author":[{"embeddable":true,"href":"https:\/\/www.psc-psoe.es\/index.php\/wp-json\/wp\/v2\/users\/2"}],"replies":[{"embeddable":true,"href":"https:\/\/www.psc-psoe.es\/index.php\/wp-json\/wp\/v2\/comments?post=2658"}],"version-history":[{"count":0,"href":"https:\/\/www.psc-psoe.es\/index.php\/wp-json\/wp\/v2\/posts\/2658\/revisions"}],"wp:featuredmedia":[{"embeddable":true,"href":"https:\/\/www.psc-psoe.es\/index.php\/wp-json\/wp\/v2\/media\/2659"}],"wp:attachment":[{"href":"https:\/\/www.psc-psoe.es\/index.php\/wp-json\/wp\/v2\/media?parent=2658"}],"wp:term":[{"taxonomy":"category","embeddable":true,"href":"https:\/\/www.psc-psoe.es\/index.php\/wp-json\/wp\/v2\/categories?post=2658"},{"taxonomy":"post_tag","embeddable":true,"href":"https:\/\/www.psc-psoe.es\/index.php\/wp-json\/wp\/v2\/tags?post=2658"}],"curies":[{"name":"wp","href":"https:\/\/api.w.org\/{rel}","templated":true}]}}