{"id":2582,"date":"2019-02-19T13:43:49","date_gmt":"2019-02-19T12:43:49","guid":{"rendered":"https:\/\/www.psc-psoe.es\/?p=2582"},"modified":"2019-02-19T13:51:55","modified_gmt":"2019-02-19T12:51:55","slug":"el-delegado-del-gobierno-asegura-que-renfe-no-quita-ningun-tren-ni-ningun-servicio-en-cantabria","status":"publish","type":"post","link":"https:\/\/www.psc-psoe.es\/index.php\/2019\/02\/19\/el-delegado-del-gobierno-asegura-que-renfe-no-quita-ningun-tren-ni-ningun-servicio-en-cantabria\/","title":{"rendered":"El delegado del Gobierno asegura que Renfe \u201cno quita ning\u00fan tren ni ning\u00fan servicio en Cantabria\u201d"},"content":{"rendered":"<p>El delegado del Gobierno en Cantabria, Pablo Zuloaga, ha asegurado este martes que el servicio que Renfe presta en Cantabria se realiza de manera \u201ceficaz\u201d. As\u00ed, se ha referido al env\u00edo de un tren de reserva desde nuestra Comunidad hasta Catalu\u00f1a para ayudar a esta regi\u00f3n ante el d\u00e9ficit de unidades por los \u00faltimos incidentes en su red ferroviaria.<\/p>\n<p>Zuloaga ha afirmado que \u201cen ning\u00fan momento\u201d esta reasignaci\u00f3n temporal de trenes afecta al servicio en Cantabria, que, por otra parte, ha incrementado sus frecuencias hace unos meses mejorando nuestra red de cercan\u00edas. Los servicios de cercan\u00edas de Cantabria se siguen prestando con las mismas frecuencias y calendario que hasta ahora.<\/p>\n<p>\u201cEs l\u00f3gico este traslado\u201d, tras los problemas en Extremadura y en Catalu\u00f1ase reasignen trenes que no est\u00e1n en reserva de unas comunidades a otras, pues en otras ocasiones ha ocurrido en otras comunidades.<\/p>\n<p>Con Gobiernos anteriores\u201cnuestras m\u00e1quinas han reforzado puntualmente\u201d el incremento de frecuencias en otras comunidades como valencia, por las Fallas, \u00a0o Bilbao durante sus fiestas.<\/p>\n<p>Este fin de semana \u201chemos visto como 4 hidroaviones y 2 helic\u00f3pteros ven\u00edan de otras comunidades a prestar un servicio p\u00fablico\u201d durante la crisis de los incendios que han afectado a Cantabria, ha afirmado.<\/p>\n<p>Al igual que si en Cantabria hubiera alg\u00fan problema ferroviario vendr\u00edan m\u00e1s trenes de otras comunidades. \u201cEn eso consisten los servicios p\u00fablicos. Utilizar los medios que son de todos para todos\u201d.<\/p>\n<p>Pablo Zuloaga ha aclarado que el intercambio de unidades ferroviarias es una \u201cpr\u00e1ctica habitual\u201d en la organizaci\u00f3n del funcionamiento de Renfe, de tal forma que cuando una Comunidad Aut\u00f3noma tiene problemas, se trasladan desde otra, cumpliendo de este modo con el \u201cprincipio de solidaridad entre los territorios de Espa\u00f1a, pues se trata de un servicio p\u00fablico de todos y para todos\u201d.<\/p>\n<p>En este sentido, ha asegurado que cuando Cantabria ha precisado del apoyo con trenes de otras Comunidades, tanto en largo y medio recorrido como en cercan\u00edas, Renfe ha trasladado hasta nuestra regi\u00f3n las unidades necesarias para solventar la necesidad c\u00e1ntabra.<\/p>\n<p>Precisamente eso \u201ces lo que hacemos nosotros ahora, colaborar con una Comunidad que necesita de nuestra ayuda\u201d, ha dicho. As\u00ed, ha considerado que \u201chay que dejar de comparar y enfrentar a unos espa\u00f1oles con otros y generar un clima de convivencia,\u00a0 dialogo y tolerancia\u201d.<\/p>\n<p>Zuloaga ha insistido en que el traslado de trenes se hace \u201csiempre y cuando no se causen perjuicios en el correcto funcionamiento del servicio que se presta a los usuarios\u201d, algo que Renfe ha valorado a la hora de tomar la decisi\u00f3n de enviar un tren en reserva y de forma temporal.<\/p>\n<p>En este sentido, el delegado del Gobierno ha explicado que Renfe ha decidido, \u201cpor necesidades materiales\u201d, trasladar una de las unidades de Cantabria y otra de Asturias, a Valladolid para, posteriormente, llevarlas a Catalu\u00f1a, donde los \u00faltimos incidentes en su red ferroviaria han causado un d\u00e9ficit de trenes en la Comunidad catalana.<\/p>\n<p>Al respecto, Zuloaga ha se\u00f1alado estas reasignaciones son temporales\u00a0 y puntuales y que cuando la incidencia en aquella Comunidad est\u00e9 resuelta, el tren volver\u00e1 de nuevo a Cantabria.<\/p>\n<p>As\u00ed, ha explicado que en Cantabria hay actualmente 7 unidades del modelo de tren 447 y que el servicio habitual de Renfe se presta con 5 de las mismas, mientras que las otras 2 permanecen en reserva. <\/p>\n","protected":false},"excerpt":{"rendered":"<p>El delegado del Gobierno en Cantabria, Pablo Zuloaga, ha asegurado este martes que el servicio que Renfe presta en Cantabria se realiza de manera \u201ceficaz\u201d. As\u00ed, se ha referido al env\u00edo de un tren de reserva desde nuestra Comunidad hasta Catalu\u00f1a para ayudar a esta regi\u00f3n ante el d\u00e9ficit de unidades por los \u00faltimos incidentes [&hellip;]<\/p>\n","protected":false},"author":2,"featured_media":2591,"comment_status":"open","ping_status":"open","sticky":false,"template":"","format":"standard","meta":{"tdm_status":"","tdm_grid_status":"","footnotes":""},"categories":[1],"tags":[],"class_list":["post-2582","post","type-post","status-publish","format-standard","has-post-thumbnail","hentry","category-uncategorized"],"_links":{"self":[{"href":"https:\/\/www.psc-psoe.es\/index.php\/wp-json\/wp\/v2\/posts\/2582","targetHints":{"allow":["GET"]}}],"collection":[{"href":"https:\/\/www.psc-psoe.es\/index.php\/wp-json\/wp\/v2\/posts"}],"about":[{"href":"https:\/\/www.psc-psoe.es\/index.php\/wp-json\/wp\/v2\/types\/post"}],"author":[{"embeddable":true,"href":"https:\/\/www.psc-psoe.es\/index.php\/wp-json\/wp\/v2\/users\/2"}],"replies":[{"embeddable":true,"href":"https:\/\/www.psc-psoe.es\/index.php\/wp-json\/wp\/v2\/comments?post=2582"}],"version-history":[{"count":0,"href":"https:\/\/www.psc-psoe.es\/index.php\/wp-json\/wp\/v2\/posts\/2582\/revisions"}],"wp:featuredmedia":[{"embeddable":true,"href":"https:\/\/www.psc-psoe.es\/index.php\/wp-json\/wp\/v2\/media\/2591"}],"wp:attachment":[{"href":"https:\/\/www.psc-psoe.es\/index.php\/wp-json\/wp\/v2\/media?parent=2582"}],"wp:term":[{"taxonomy":"category","embeddable":true,"href":"https:\/\/www.psc-psoe.es\/index.php\/wp-json\/wp\/v2\/categories?post=2582"},{"taxonomy":"post_tag","embeddable":true,"href":"https:\/\/www.psc-psoe.es\/index.php\/wp-json\/wp\/v2\/tags?post=2582"}],"curies":[{"name":"wp","href":"https:\/\/api.w.org\/{rel}","templated":true}]}}