{"id":2571,"date":"2019-02-18T17:36:21","date_gmt":"2019-02-18T16:36:21","guid":{"rendered":"https:\/\/www.psc-psoe.es\/?p=2571"},"modified":"2019-02-18T17:36:21","modified_gmt":"2019-02-18T16:36:21","slug":"el-delegado-del-gobierno-se-reune-con-la-plataforma-salvar-la-magdalena-que-aboga-por-eliminar-los-espigones-planteados","status":"publish","type":"post","link":"https:\/\/www.psc-psoe.es\/index.php\/2019\/02\/18\/el-delegado-del-gobierno-se-reune-con-la-plataforma-salvar-la-magdalena-que-aboga-por-eliminar-los-espigones-planteados\/","title":{"rendered":"El delegado del Gobierno se re\u00fane con la Plataforma Salvar La Magdalena, que aboga por eliminar los espigones planteados"},"content":{"rendered":"<p class=\"m_-6136787257430387916s29\"><span class=\"m_-6136787257430387916s28\"><span class=\"m_-6136787257430387916bumpedFont15\">El delegado del Gobierno en Cantabria, Pablo Zuloaga, se ha reunido este\u00a0<\/span><\/span><span class=\"m_-6136787257430387916s28\"><span class=\"m_-6136787257430387916bumpedFont15\">lune<\/span><\/span><span class=\"m_-6136787257430387916s28\"><span class=\"m_-6136787257430387916bumpedFont15\">s con representantes de la Plataforma Salvar La Magdalena, que han planteado una serie de medidas para el sistema Magdalena-Peligros<\/span><\/span><span class=\"m_-6136787257430387916s28\"><span class=\"m_-6136787257430387916bumpedFont15\">\u00a0t<\/span><\/span><span class=\"m_-6136787257430387916s28\"><span class=\"m_-6136787257430387916bumpedFont15\">ras analizar el informe del CEDEX que present\u00f3 el secretario de Estado de Medio Ambiente, Hugo Mor\u00e1n<\/span><\/span><span class=\"m_-6136787257430387916s28\"><span class=\"m_-6136787257430387916bumpedFont15\">.<\/span><\/span><\/p>\n<p class=\"m_-6136787257430387916s29\"><span class=\"m_-6136787257430387916s28\"><span class=\"m_-6136787257430387916bumpedFont15\">El colectivo tambi\u00e9n ha<\/span><\/span><span class=\"m_-6136787257430387916s28\"><span class=\"m_-6136787257430387916bumpedFont15\">\u00a0registrado en Delegaci\u00f3n del Gobierno un escrito\u00a0<\/span><\/span><span class=\"m_-6136787257430387916s28\"><span class=\"m_-6136787257430387916bumpedFont15\">acompa\u00f1ado de dos informes t\u00e9cnicos que avalan su intenci\u00f3n de mantener la playa sin necesidad de construir espigones<\/span><\/span><span class=\"m_-6136787257430387916s28\"><span class=\"m_-6136787257430387916bumpedFont15\">, uno\u00a0<\/span><\/span><span class=\"m_-6136787257430387916s28\"><span class=\"m_-6136787257430387916bumpedFont15\">obra\u00a0<\/span><\/span><span class=\"m_-6136787257430387916s28\"><span class=\"m_-6136787257430387916bumpedFont15\">de la doctora en Arquitectura, Paisajista y Urbanista Miriam Garc\u00eda y otro del profesor titula<\/span><\/span><span class=\"m_-6136787257430387916s28\"><span class=\"m_-6136787257430387916bumpedFont15\">r del Departamento de Geolog\u00eda de la Universidad de Oviedo Germ\u00e1n S. Flor<\/span><\/span><span class=\"m_-6136787257430387916s28\"><span class=\"m_-6136787257430387916bumpedFont15\">.<\/span><\/span><\/p>\n<p class=\"m_-6136787257430387916s29\"><span class=\"m_-6136787257430387916s28\"><span class=\"m_-6136787257430387916bumpedFont15\">Tras escuchar las reivindicaciones y propuestas de este colectivo, Pablo Zuloaga se ha comprometido\u00a0<\/span><\/span><span class=\"m_-6136787257430387916s28\"><span class=\"m_-6136787257430387916bumpedFont15\">a<\/span><\/span><span class=\"m_-6136787257430387916s28\"><span class=\"m_-6136787257430387916bumpedFont15\">\u00a0dar traslado de las mismas al Ministerio para la Transici\u00f3n Ecol\u00f3gica<\/span><\/span><span class=\"m_-6136787257430387916s28\"><span class=\"m_-6136787257430387916bumpedFont15\">, a trav\u00e9s del secretario de Estado de Medio Ambiente, Hugo Mor\u00e1n<\/span><\/span><span class=\"m_-6136787257430387916s28\"><span class=\"m_-6136787257430387916bumpedFont15\">, para su an\u00e1lisis y toma en consideraci\u00f3n.<\/span><\/span><\/p>\n<p class=\"m_-6136787257430387916s29\"><span class=\"m_-6136787257430387916s28\"><span class=\"m_-6136787257430387916bumpedFont15\">El colectivo ha propuesto al delegado del Gobierno<\/span><\/span><span class=\"m_-6136787257430387916s28\"><span class=\"m_-6136787257430387916bumpedFont15\">\u00a0continuar con la reposici\u00f3n de arena procedente d<\/span><\/span><span class=\"m_-6136787257430387916s28\"><span class=\"m_-6136787257430387916bumpedFont15\">el dragado de la zo<\/span><\/span><span class=\"m_-6136787257430387916s28\"><span class=\"m_-6136787257430387916bumpedFont15\">na del Mare\u00f3grafo,\u00a0<\/span><\/span><span class=\"m_-6136787257430387916s28\"><span class=\"m_-6136787257430387916bumpedFont15\">\u00e1rea que \u201cviene incrementando sus sedimentos en los \u00faltimos a\u00f1os\u201d y que seg\u00fan el Instituto de Hidr\u00e1ulica, \u201ces causa de la mayor erosi\u00f3n que se produce en la ensenada\u201d.<\/span><\/span><\/p>\n<p class=\"m_-6136787257430387916s29\"><span class=\"m_-6136787257430387916s28\"><span class=\"m_-6136787257430387916bumpedFont15\">As\u00ed, han asegurado que esta medida, que se ha realizado en los \u00faltimos a\u00f1os, tiene un coste medio de 40.000 \u20ac, cantidad \u201ccontenida y asumible\u201d en un normal mantenimiento de las playas y que correr\u00eda por cuenta de la Demarcaci\u00f3n de Costas.<\/span><\/span><\/p>\n<p class=\"m_-6136787257430387916s29\"><span class=\"m_-6136787257430387916s28\"><span class=\"m_-6136787257430387916bumpedFont15\">La Plataforma Salvar la Magdalena ha considerado que esta soluci\u00f3n \u201cno implica afecc<\/span><\/span><span class=\"m_-6136787257430387916s28\"><span class=\"m_-6136787257430387916bumpedFont15\">i\u00f3n al entorno ni grandes desembolsos\u201d y sirve para resolver en su origen las causas que desencadenan el problema planteado.<\/span><\/span><\/p>\n<p class=\"m_-6136787257430387916s29\">\n<p class=\"m_-6136787257430387916s29\"><span class=\"m_-6136787257430387916s28\"><span class=\"m_-6136787257430387916bumpedFont15\">Por otro lado, han \u00a0considerado que de no ser totalmente efectiva esta soluci\u00f3n, se podr\u00edan implementar otras medidas adicionales \u201cde menor impacto\u201d que la construcci\u00f3n de los espigones, tales como peque\u00f1os arrecifes artificiales hundidos, elementos de arenas confinadas en geotextiles y otras propuestas \u201cm\u00e1s blandas\u201d, de car\u00e1cter \u201cm\u00e1s integrador\u201d y en consonancia con los valores, estructura y dimensiones del entorno.<\/span><\/span><\/p>\n<p class=\"m_-6136787257430387916s29\"><strong><span class=\"m_-6136787257430387916s23\"><span class=\"m_-6136787257430387916bumpedFont15\">Valoraci\u00f3n del informe del CEDEX<\/span><\/span><\/strong><\/p>\n<p class=\"m_-6136787257430387916s29\"><span class=\"m_-6136787257430387916s28\"><span class=\"m_-6136787257430387916bumpedFont15\">Durante la reuni\u00f3n, Pablo Zuloaga ha atendido las propuestas del colectivo, que, tras analizar el informe del CEDEX, ha concluido que el espig\u00f3n construido \u201cno funciona\u201d en su misi\u00f3n de evitar la erosi\u00f3n en las playas de La Magdalena y \u201ctiende a provocar mayores riesgos\u201d.<\/span><\/span><\/p>\n<p class=\"m_-6136787257430387916s29\"><span class=\"m_-6136787257430387916s28\"><span class=\"m_-6136787257430387916bumpedFont15\">De este modo, la Plataforma Salvar La Magdalena\u00a0<\/span><\/span><span class=\"m_-6136787257430387916s28\"><span class=\"m_-6136787257430387916bumpedFont15\">ha trasladado al delegado del Gobierno q<\/span><\/span><span class=\"m_-6136787257430387916s28\"><span class=\"m_-6136787257430387916bumpedFont15\">ue en el sect<\/span><\/span><span class=\"m_-6136787257430387916s28\"><span class=\"m_-6136787257430387916bumpedFont15\">or Magdalena-Bikini se acumula\u00a0<\/span><\/span><span class=\"m_-6136787257430387916s28\"><span class=\"m_-6136787257430387916bumpedFont15\">gran cantidad de arena en el lado este del espig\u00f3n, lo que podr\u00eda restar arena de la zona\u00a0<\/span><\/span><span class=\"m_-6136787257430387916s28\"><span class=\"m_-6136787257430387916bumpedFont15\">del Campo de Polo, con el \u201cconsiguiente riesgo de erosi\u00f3n y descalce del muro\u201d.<\/span><\/span><\/p>\n<p class=\"m_-6136787257430387916s29\"><span class=\"m_-6136787257430387916s28\"><span class=\"m_-6136787257430387916bumpedFont15\">Por otro lado, consideran que, en la zona Magdalena-Peligros, la difracci\u00f3n del oleaje en el espig\u00f3n \u201cprovocar\u00e1 una erosi\u00f3n significativa\u201d en el entorno del Balneario, pudiendo provocar grandes da\u00f1os en muros y cimientos de las edificaciones existentes. Para evitarlo, aseguran que el CEDEX advierte de que \u201cse deber\u00e1n realizar aportes externos de arena\u201d.<\/span><\/span><\/p>\n<p class=\"m_-6136787257430387916s29\"><span class=\"m_-6136787257430387916s28\"><span class=\"m_-6136787257430387916bumpedFont15\">Tambi\u00e9n creen que la construcci\u00f3n del segundo espig\u00f3n previsto en la zona de Peligros \u201cen nada cambiar\u00e1 la situaci\u00f3n provocada por el primero y se mostrar\u00eda irrelevante\u201d.<\/span><\/span><\/p>\n<p class=\"m_-6136787257430387916s29\"><span class=\"m_-6136787257430387916s28\"><span class=\"m_-6136787257430387916bumpedFont15\">Adem\u00e1s han mostrado su disconformidad con la alteraci\u00f3n en el espacio de la Ensenada de La Magdalena, en cuanto a corrientes asociadas<\/span><\/span><span class=\"m_-6136787257430387916s28\"><span class=\"m_-6136787257430387916bumpedFont15\">\u00a0a procesos erosivos-sedimentarios que no est\u00e1n contemplados en el proyecto \u00a0y cuyos efectos sobre el h\u00e1bitat y especies de inte<\/span><\/span><span class=\"m_-6136787257430387916s28\"><span class=\"m_-6136787257430387916bumpedFont15\">r\u00e9<\/span><\/span><span class=\"m_-6136787257430387916s28\"><span class=\"m_-6136787257430387916bumpedFont15\">s comunitarios\u00a0<\/span><\/span><span class=\"m_-6136787257430387916s28\"><span class=\"m_-6136787257430387916bumpedFont15\">que deben ser protegidos \u201cson i<\/span><\/span><span class=\"m_-6136787257430387916s28\"><span class=\"m_-6136787257430387916bumpedFont15\">mprevisibles\u201d.<\/span><\/span><\/p>\n<p class=\"m_-6136787257430387916s29\"><span class=\"m_-6136787257430387916s28\"><span class=\"m_-6136787257430387916bumpedFont15\">La Plataforma Salvar La Magdalena tambi\u00e9n afirma que si se construye el segundo espig\u00f3n se deber\u00e1n realizar aportaciones de arena, ya que \u201cno contribuir\u00eda a evitar la erosi\u00f3n\u201d. As\u00ed, consideran \u201cpoco razonable \u00a0el impacto y los efectos negativos que causan los espigones\u201d si adem\u00e1s se va a tener que hacer reposiciones peri\u00f3dicas de arena.<\/span><\/span><\/p>\n","protected":false},"excerpt":{"rendered":"<p>El delegado del Gobierno en Cantabria, Pablo Zuloaga, se ha reunido este\u00a0lunes con representantes de la Plataforma Salvar La Magdalena, que han planteado una serie de medidas para el sistema Magdalena-Peligros\u00a0tras analizar el informe del CEDEX que present\u00f3 el secretario de Estado de Medio Ambiente, Hugo Mor\u00e1n. El colectivo tambi\u00e9n ha\u00a0registrado en Delegaci\u00f3n del Gobierno [&hellip;]<\/p>\n","protected":false},"author":2,"featured_media":2572,"comment_status":"open","ping_status":"open","sticky":false,"template":"","format":"standard","meta":{"tdm_status":"","tdm_grid_status":"","footnotes":""},"categories":[1],"tags":[],"class_list":["post-2571","post","type-post","status-publish","format-standard","has-post-thumbnail","hentry","category-uncategorized"],"_links":{"self":[{"href":"https:\/\/www.psc-psoe.es\/index.php\/wp-json\/wp\/v2\/posts\/2571","targetHints":{"allow":["GET"]}}],"collection":[{"href":"https:\/\/www.psc-psoe.es\/index.php\/wp-json\/wp\/v2\/posts"}],"about":[{"href":"https:\/\/www.psc-psoe.es\/index.php\/wp-json\/wp\/v2\/types\/post"}],"author":[{"embeddable":true,"href":"https:\/\/www.psc-psoe.es\/index.php\/wp-json\/wp\/v2\/users\/2"}],"replies":[{"embeddable":true,"href":"https:\/\/www.psc-psoe.es\/index.php\/wp-json\/wp\/v2\/comments?post=2571"}],"version-history":[{"count":0,"href":"https:\/\/www.psc-psoe.es\/index.php\/wp-json\/wp\/v2\/posts\/2571\/revisions"}],"wp:featuredmedia":[{"embeddable":true,"href":"https:\/\/www.psc-psoe.es\/index.php\/wp-json\/wp\/v2\/media\/2572"}],"wp:attachment":[{"href":"https:\/\/www.psc-psoe.es\/index.php\/wp-json\/wp\/v2\/media?parent=2571"}],"wp:term":[{"taxonomy":"category","embeddable":true,"href":"https:\/\/www.psc-psoe.es\/index.php\/wp-json\/wp\/v2\/categories?post=2571"},{"taxonomy":"post_tag","embeddable":true,"href":"https:\/\/www.psc-psoe.es\/index.php\/wp-json\/wp\/v2\/tags?post=2571"}],"curies":[{"name":"wp","href":"https:\/\/api.w.org\/{rel}","templated":true}]}}