{"id":2240,"date":"2019-01-18T13:33:37","date_gmt":"2019-01-18T12:33:37","guid":{"rendered":"http:\/\/psc-psoe.es\/?p=2240"},"modified":"2019-01-18T13:33:37","modified_gmt":"2019-01-18T12:33:37","slug":"el-partido-acusa-a-cs-y-prc-de-dejarse-llevar-por-su-afan-electoralista-y-de-no-apoyar-unos-presupuestos-que-benefician-a-miles-de-cantabros","status":"publish","type":"post","link":"https:\/\/www.psc-psoe.es\/index.php\/2019\/01\/18\/el-partido-acusa-a-cs-y-prc-de-dejarse-llevar-por-su-afan-electoralista-y-de-no-apoyar-unos-presupuestos-que-benefician-a-miles-de-cantabros\/","title":{"rendered":"El Partido, acusa a Cs y PRC de \u201cdejarse llevar por su af\u00e1n electoralista\u201d y de \u201cno apoyar unos Presupuestos que benefician a miles de c\u00e1ntabros"},"content":{"rendered":"<p>La secretaria de Organizaci\u00f3n del PSOE Cantabria ha respondido esta ma\u00f1ana a las declaraciones de F\u00e9lix \u00c1lvarez, diputado nacional de Ciudadanos, y de Pedro Hernando, portavoz parlamentario del PRC recordando a ambos representantes pol\u00edticos que en materia presupuestaria \u201cno todo son inversiones en hormig\u00f3n y asfalto\u201d.<\/p>\n<p>Cobo ha afirmado que en este inicio del tr\u00e1mite presupuestario \u201cno hay que dejarse llevar por el af\u00e1n electoralista de entrar en una carrera reivindicativa ante el Gobierno de Espa\u00f1a\u201d. Se trata, ha dicho de \u201cafrontar un proceso de di\u00e1logo en que las necesidades de las personas de Cantabria est\u00e9n siempre por delante de las inversiones\u201d.<\/p>\n<p>La n\u00famero dos del PSOE Cantabria ha se\u00f1alado que no aparece en la proposici\u00f3n no de ley planteada este viernes por el PRC ni en la intervenci\u00f3n del diputado nacional \u00c1lvarez \u201cni una sola reivindicaci\u00f3n en materia social, por lo que asumimos que los regionalistas y Cs deben de estar m\u00e1s que satisfechos con las asignaciones presupuestarias consignadas en los presupuestos\u201d y que son, para Cobo, \u201cel eje fundamental de la pol\u00edtica presupuestaria: atender las necesidades b\u00e1sicas de la ciudadan\u00eda\u201d.<\/p>\n<p>Adem\u00e1s, ha recordado que \u201clas solicitudes que incluyen los regionalistas en la PNL presentado por su grupo, ya est\u00e1n recogidas en las cuentas de este a\u00f1o\u201d.<\/p>\n<p>\u201cDesde el PSOE, siempre hemos entendido que tanto la elaboraci\u00f3n de las leyes como la tarea presupuestaria deben realizarse considerando la solidaridad y la cohesi\u00f3n social como criterios prioritarios\u201d, ha se\u00f1alado.<\/p>\n<p>La dirigente socialista ha recordado por ejemplo, que \u201cla revalorizaci\u00f3n de las pensiones recogida en los presupuestos beneficiar\u00e1 a 126.317 c\u00e1ntabros; de los que 95.557 se ver\u00e1n tambi\u00e9n favorecidos por la supresi\u00f3n progresiva del copago farmac\u00e9utico\u201d. \u201cNo s\u00e9 si quienes tanto critican estas medidas est\u00e1n dispuestos a personarse en todas las farmacias de Cantabria para explicar a los ciudadanos su rechazo a tales beneficios\u201d, ha resaltado.<\/p>\n<p>De igual manera, ha insistido en que \u201cconvendr\u00eda explicar a los m\u00e1s de 4.000 beneficiarios de la recuperaci\u00f3n de la cotizaci\u00f3n a la Seguridad Social de los cuidadores y cuidadoras la raz\u00f3n de ese desinter\u00e9s por estas medidas de algunos grupos pol\u00edticos.\u201d Adem\u00e1s, \u201cpueden dirigirse tambi\u00e9n a los 7.000 c\u00e1ntabros favorecidos por el desarrollo del Ingreso M\u00ednimo Vital; o a los 1.500 parados mayores de 52 a\u00f1os que ven hecha realidad la recuperaci\u00f3n del subsidio de desempleo con una inversi\u00f3n para la comunidad de 4,4 millones de euros, o los 8.000 estudiantes que van a ver mejoradas sus becas, o a las 4.600 familias dispondr\u00e1n de m\u00e1s recursos para material escolar\u201d.<\/p>\n<p><strong>Cs y PP \u201csiguen el mismo camino\u201d<\/strong><\/p>\n<p>Asimismo, ha manifestado que \u201ces llamativo que algunos representantes pol\u00edticos no dediquen un solo segundo de su tiempo a valorar el hecho de que los presupuestos combatan la pobreza infantil con ayudas de comedor para 1.458 ni\u00f1os y ni\u00f1as y una inversi\u00f3n de 0,6 millones de euros en Cantabria\u201d.<\/p>\n<p>En este sentido, ha reiterado que \u201cel Partido Popular nos bloque\u00f3 durante a\u00f1os, se dedic\u00f3 a vender humo y ahora le toca a Ciudadanos seguir por el mismo camino y perjudicar, con su discurso vac\u00edo, populista e interesado, a Cantabria y a sus ciudadanos\u201d y ha acusado a sus compa\u00f1eros en Madrid, de demostrar una \u201cmanifiesta irresponsabilidad\u201d al no querer apoyar las cuentas para este a\u00f1o. \u201cSi Ciudadanos vota en contra de los presupuestos, vota en contra de Cantabria y de mejorar la vida de los c\u00e1ntabros y c\u00e1ntabras\u201d, ha matizado.<\/p>\n<p>\u201cCiudadanos se dedica a criticar y no apoyar los presupuestos por una cuesti\u00f3n electoralista, anteponiendo los intereses de su partido por encima del de los ciudadanos y eso, se ha materializado hoy en Andaluc\u00eda al pactar con el PP y abrazar a la ultraderecha de este pa\u00eds\u201d, ha criticado.<\/p>\n<p>Por \u00faltimo, Noelia Cobo ha asegurado que \u201cen ocho meses, el gobierno de S\u00e1nchez se ha dedicado a desbloquear muchos tr\u00e1mites que el Estado ten\u00eda pendientes con nuestra comunidad aut\u00f3noma, como la financiaci\u00f3n de las obras del hospital de Valdecilla, las integraciones ferroviarias de Santander y Torrelavega, fondos para ejecutar el Pacto de Estado contra la Violencia de G\u00e9nero o la fundaci\u00f3n Enaire\u201d. <\/p>\n","protected":false},"excerpt":{"rendered":"<p>La secretaria de Organizaci\u00f3n del PSOE Cantabria ha respondido esta ma\u00f1ana a las declaraciones de F\u00e9lix \u00c1lvarez, diputado nacional de Ciudadanos, y de Pedro Hernando, portavoz parlamentario del PRC recordando a ambos representantes pol\u00edticos que en materia presupuestaria \u201cno todo son inversiones en hormig\u00f3n y asfalto\u201d. Cobo ha afirmado que en este inicio del tr\u00e1mite [&hellip;]<\/p>\n","protected":false},"author":2,"featured_media":1102,"comment_status":"open","ping_status":"open","sticky":false,"template":"","format":"standard","meta":{"tdm_status":"","tdm_grid_status":"","footnotes":""},"categories":[1],"tags":[],"class_list":["post-2240","post","type-post","status-publish","format-standard","has-post-thumbnail","hentry","category-uncategorized"],"_links":{"self":[{"href":"https:\/\/www.psc-psoe.es\/index.php\/wp-json\/wp\/v2\/posts\/2240","targetHints":{"allow":["GET"]}}],"collection":[{"href":"https:\/\/www.psc-psoe.es\/index.php\/wp-json\/wp\/v2\/posts"}],"about":[{"href":"https:\/\/www.psc-psoe.es\/index.php\/wp-json\/wp\/v2\/types\/post"}],"author":[{"embeddable":true,"href":"https:\/\/www.psc-psoe.es\/index.php\/wp-json\/wp\/v2\/users\/2"}],"replies":[{"embeddable":true,"href":"https:\/\/www.psc-psoe.es\/index.php\/wp-json\/wp\/v2\/comments?post=2240"}],"version-history":[{"count":0,"href":"https:\/\/www.psc-psoe.es\/index.php\/wp-json\/wp\/v2\/posts\/2240\/revisions"}],"wp:featuredmedia":[{"embeddable":true,"href":"https:\/\/www.psc-psoe.es\/index.php\/wp-json\/wp\/v2\/media\/1102"}],"wp:attachment":[{"href":"https:\/\/www.psc-psoe.es\/index.php\/wp-json\/wp\/v2\/media?parent=2240"}],"wp:term":[{"taxonomy":"category","embeddable":true,"href":"https:\/\/www.psc-psoe.es\/index.php\/wp-json\/wp\/v2\/categories?post=2240"},{"taxonomy":"post_tag","embeddable":true,"href":"https:\/\/www.psc-psoe.es\/index.php\/wp-json\/wp\/v2\/tags?post=2240"}],"curies":[{"name":"wp","href":"https:\/\/api.w.org\/{rel}","templated":true}]}}