{"id":2211,"date":"2019-01-10T18:32:59","date_gmt":"2019-01-10T17:32:59","guid":{"rendered":"http:\/\/psc-psoe.es\/?p=2211"},"modified":"2019-01-10T18:32:59","modified_gmt":"2019-01-10T17:32:59","slug":"noelia-cobo-destaca-que-el-psoe-es-el-unico-partido-en-el-que-la-militancia-ha-elegido-candidato-mediante-primarias","status":"publish","type":"post","link":"https:\/\/www.psc-psoe.es\/index.php\/2019\/01\/10\/noelia-cobo-destaca-que-el-psoe-es-el-unico-partido-en-el-que-la-militancia-ha-elegido-candidato-mediante-primarias\/","title":{"rendered":"Noelia Cobo destaca que el PSOE \u201ces el \u00fanico partido en el que la militancia ha elegido candidato mediante primarias\u201d"},"content":{"rendered":"<p>La secretaria de Organizaci\u00f3n del PSOE de Cantabria, Noelia Cobo, ha asegurado a ra\u00edz de la visita de Pablo Casado a Cantabria, que \u201clos y las socialistas somos los \u00fanicos en haber elegido al candidato a presidir Cantabria mediante un proceso de primarias interno plenamente democr\u00e1tico y transparente\u201d.<\/p>\n<p>Cobo ha afirmado que tras las l\u00f3gicas tensiones que ocasionan estos procesos internos, Pablo Zuloaga, \u201ccuenta con el apoyo de la militancia y es un candidato joven, preparado y experimentado en gesti\u00f3n pol\u00edtica\u201d. \u201cNuestros militantes son los que han elegido al candidato que quiere que les represente y eso, nos otorga un plus de legitimidad del que otros partidos carecen\u201d, ha reiterado.<\/p>\n<p>La n\u00famero dos de los y las socialistas ha se\u00f1alado que la manera que tiene el PSOE de elegir a sus candidatos \u201cnada tiene que ver con el perplejo sistema de dedocracia del Partido Popular que ningunea las decisiones de sus afiliados\u201d. \u201cUna total falta de democracia interna y opacidad, que una vez m\u00e1s, escenifica el p\u00e9simo funcionamiento interno del Partido Popular\u201d, ha criticado.<\/p>\n<p>\u201cEs lamentable que el Partido Popular decida en sus despachos de Madrid y \u201ca golpe de dedo\u201d la elecci\u00f3n de Ruth Beitia como candidata a la presidencia de Cantabria, ha resaltado.<\/p>\n<p>En este sentido, ha recordado que la \u00faltima decisi\u00f3n que tom\u00f3 el PP \u201ca golpe de dedazo\u201d para Cantabria fue que Luis B\u00e1rcenas encabezara la candidatura al Senado en las Elecciones Generales del 2011 con el resultado \u201csobradamente conocido por todos\u201d.<\/p>\n<p>Por otro lado, la dirigente socialista ha criticado el \u201cdesprecio\u201d mostrado por Pablo Casado con Cantabria a la que ha dedicado escasas horas de su tiempo\u201d como si se tratase ha dicho, \u201cde la visita del m\u00e9dico\u201d. \u201cCasado ofende la inteligencia de los c\u00e1ntabros al defender en Santander la centralidad de su partido apenas unas horas despu\u00e9s de formalizar un pacto con la extrema derecha que nos devuelve a los tiempos de NODO\u201d, ha afirmado.<\/p>\n<p>A su juicio, \u201csi el actual l\u00edder del PP se hubiese quedado m\u00e1s tiempo a conocer la realidad nuestra comunidad le habr\u00eda dado tiempo a conocer de cerca todos los problemas a los que las gesti\u00f3n de Mariano Rajoy, I\u00f1igo de la Serna o la propia Gema Igual han abocado a los c\u00e1ntabros y c\u00e1ntabras\u201d.<\/p>\n<p><strong>El \u201cpacto de la verg\u00fcenza\u201d en Andaluc\u00eda<\/strong><\/p>\n<p>Por otro lado, Cobo ha afirmado que \u201cal PP y Ciudadanos se les ha ca\u00eddo la careta y con el pacto de la verg\u00fcenza, han dejado a la vista de todos su clara radicalizaci\u00f3n\u201d.<\/p>\n<p>En este sentido, ha manifestado que la coalici\u00f3n PP, Ciudadanos y Vox \u201ces una deriva hacia el machismo, la xenofobia y va en detrimento del bienestar y de los derechos y libertades de los andaluces y andaluzas\u201d. \u201cQuer\u00edan sacar al PSOE de San Telmo y lograr su llave y lo han conseguido a un precio que a la larga les va a salir muy caro a ellos y a los ciudadanos\u201d, ha se\u00f1alado.<\/p>\n<p>Por \u00faltimo, Noelia Cobo ha asegurado que \u201cel Gobierno de Pedro S\u00e1nchez tiene un compromiso con la Constituci\u00f3n y con la democracia y por tanto, se va a mantener vigilante y no ceder\u00e1 en la conquista de derechos y libertades\u201d.<\/p>\n<p>\u201cNuestro gobierno, en este momento en el que algunos quieren volver al pasado, al blanco y negro, reitera su compromiso con los valores europeos. Un gobierno europe\u00edsta, feminista y ecologista que con su agenda de transformaci\u00f3n tiene la mirada puesta en el futuro y no en la nostalgia ultra que han abrazado el PP y Ciudadanos\u201d, ha concluido la socialista. <\/p>\n","protected":false},"excerpt":{"rendered":"<p>La secretaria de Organizaci\u00f3n del PSOE de Cantabria, Noelia Cobo, ha asegurado a ra\u00edz de la visita de Pablo Casado a Cantabria, que \u201clos y las socialistas somos los \u00fanicos en haber elegido al candidato a presidir Cantabria mediante un proceso de primarias interno plenamente democr\u00e1tico y transparente\u201d. Cobo ha afirmado que tras las l\u00f3gicas [&hellip;]<\/p>\n","protected":false},"author":2,"featured_media":1952,"comment_status":"open","ping_status":"open","sticky":false,"template":"","format":"standard","meta":{"tdm_status":"","tdm_grid_status":"","footnotes":""},"categories":[1],"tags":[],"class_list":["post-2211","post","type-post","status-publish","format-standard","has-post-thumbnail","hentry","category-uncategorized"],"_links":{"self":[{"href":"https:\/\/www.psc-psoe.es\/index.php\/wp-json\/wp\/v2\/posts\/2211","targetHints":{"allow":["GET"]}}],"collection":[{"href":"https:\/\/www.psc-psoe.es\/index.php\/wp-json\/wp\/v2\/posts"}],"about":[{"href":"https:\/\/www.psc-psoe.es\/index.php\/wp-json\/wp\/v2\/types\/post"}],"author":[{"embeddable":true,"href":"https:\/\/www.psc-psoe.es\/index.php\/wp-json\/wp\/v2\/users\/2"}],"replies":[{"embeddable":true,"href":"https:\/\/www.psc-psoe.es\/index.php\/wp-json\/wp\/v2\/comments?post=2211"}],"version-history":[{"count":0,"href":"https:\/\/www.psc-psoe.es\/index.php\/wp-json\/wp\/v2\/posts\/2211\/revisions"}],"wp:featuredmedia":[{"embeddable":true,"href":"https:\/\/www.psc-psoe.es\/index.php\/wp-json\/wp\/v2\/media\/1952"}],"wp:attachment":[{"href":"https:\/\/www.psc-psoe.es\/index.php\/wp-json\/wp\/v2\/media?parent=2211"}],"wp:term":[{"taxonomy":"category","embeddable":true,"href":"https:\/\/www.psc-psoe.es\/index.php\/wp-json\/wp\/v2\/categories?post=2211"},{"taxonomy":"post_tag","embeddable":true,"href":"https:\/\/www.psc-psoe.es\/index.php\/wp-json\/wp\/v2\/tags?post=2211"}],"curies":[{"name":"wp","href":"https:\/\/api.w.org\/{rel}","templated":true}]}}