{"id":2128,"date":"2018-12-23T18:21:05","date_gmt":"2018-12-23T17:21:05","guid":{"rendered":"http:\/\/psc-psoe.es\/?p=2128"},"modified":"2019-01-05T18:21:49","modified_gmt":"2019-01-05T17:21:49","slug":"la-subida-del-salario-minimo-es-la-mejor-noticia-del-ano-para-miles-de-trabajadores-cantabros","status":"publish","type":"post","link":"https:\/\/www.psc-psoe.es\/index.php\/2018\/12\/23\/la-subida-del-salario-minimo-es-la-mejor-noticia-del-ano-para-miles-de-trabajadores-cantabros\/","title":{"rendered":"La subida del salario m\u00ednimo es &#8220;la mejor noticia del a\u00f1o&#8221; para &#8220;miles&#8221; de trabajadores c\u00e1ntabros"},"content":{"rendered":"<p>La secretaria de Organizaci\u00f3n, Noelia Cobo, ha destacado la subida del salario m\u00ednimo interprofesional a 900 euros &#8220;es la mejor noticia del a\u00f1o para miles de trabajadores de Cantabria&#8221;.<\/p>\n<p>Cobo se ha pronunciado as\u00ed tras la aprobaci\u00f3n el pasado viernes por el Consejo de Ministros de la mayor subida del salario m\u00ednimo interprofesional desde 1977. &#8220;Estamos al fin equipar\u00e1ndonos al resto de nuestro entorno europeo y lo hacemos con nuestras agendas de gobiernos progresistas y frente al rechazo de las derechas del PP y Ciudadanos, a quienes solo preocupa desgastar a los gobiernos de progreso de Cantabria y de Espa\u00f1a&#8221;, ha opinado.<\/p>\n<p>En un encuentro con militantes socialistas, Cobo ha explicado que a partir del 1 de enero, el SMI crecer\u00e1 un 22% y alcanzar\u00e1 los 900 euros en 14 pagas, ha destacado.<\/p>\n<p>La dirigente socialista se ha mostrado &#8220;muy satisfecha&#8221; por las decisiones del Consejo de Ministros, entre las que ha destacado tambi\u00e9n la aprobaci\u00f3n de la subida del salario de los empleados p\u00fablicos. &#8220;Tras a\u00f1os de recortes terribles para los trabajadores p\u00fablicos, al fin se empieza a ver la luz al final del t\u00fanel salarial para unos empleados p\u00fablicos que han soportado congelaciones e incluso reducciones de sueldo durante la crisis&#8221;, ha destacado. Seg\u00fan Cobo, estas decisiones demuestran que &#8220;los socialistas trabajamos por y para la gente&#8221; desde los gobiernos de Espa\u00f1a y tambi\u00e9n desde el de Cantabria.<\/p>\n<p>En este sentido, se ha felicitado tambi\u00e9n por el hecho de que el producto interior bruto (PIB) de Cantabria haya registrado un crecimiento del 3,4 % en 2017, el segundo mayor incremento de las comunidades. &#8220;Frente a los agoreros de las derechas, los datos irrefutables demuestran que tanto en Espa\u00f1a como en Cantabria con los socialistas en los gobiernos, se construye una sociedad m\u00e1s justa, m\u00e1s rica y m\u00e1s social&#8221;, ha defendido.<\/p>\n<p>Cobo ha relacionado adem\u00e1s la reciente aprobaci\u00f3n del presupuesto de Cantabria &#8220;como una muestra de la apuesta socialista por esas pol\u00edticas sociales, la creaci\u00f3n de empleo estable y de calidad, el gasto social, la sanidad y la educaci\u00f3n&#8221;, que considera &#8220;prioridades para la ciudadan\u00eda de la regi\u00f3n y del pa\u00eds&#8221;. <\/p>\n","protected":false},"excerpt":{"rendered":"<p>La secretaria de Organizaci\u00f3n, Noelia Cobo, ha destacado la subida del salario m\u00ednimo interprofesional a 900 euros &#8220;es la mejor noticia del a\u00f1o para miles de trabajadores de Cantabria&#8221;. Cobo se ha pronunciado as\u00ed tras la aprobaci\u00f3n el pasado viernes por el Consejo de Ministros de la mayor subida del salario m\u00ednimo interprofesional desde 1977. [&hellip;]<\/p>\n","protected":false},"author":2,"featured_media":1918,"comment_status":"open","ping_status":"open","sticky":false,"template":"","format":"standard","meta":{"tdm_status":"","tdm_grid_status":"","footnotes":""},"categories":[24],"tags":[],"class_list":["post-2128","post","type-post","status-publish","format-standard","has-post-thumbnail","hentry","category-partido"],"_links":{"self":[{"href":"https:\/\/www.psc-psoe.es\/index.php\/wp-json\/wp\/v2\/posts\/2128","targetHints":{"allow":["GET"]}}],"collection":[{"href":"https:\/\/www.psc-psoe.es\/index.php\/wp-json\/wp\/v2\/posts"}],"about":[{"href":"https:\/\/www.psc-psoe.es\/index.php\/wp-json\/wp\/v2\/types\/post"}],"author":[{"embeddable":true,"href":"https:\/\/www.psc-psoe.es\/index.php\/wp-json\/wp\/v2\/users\/2"}],"replies":[{"embeddable":true,"href":"https:\/\/www.psc-psoe.es\/index.php\/wp-json\/wp\/v2\/comments?post=2128"}],"version-history":[{"count":0,"href":"https:\/\/www.psc-psoe.es\/index.php\/wp-json\/wp\/v2\/posts\/2128\/revisions"}],"wp:featuredmedia":[{"embeddable":true,"href":"https:\/\/www.psc-psoe.es\/index.php\/wp-json\/wp\/v2\/media\/1918"}],"wp:attachment":[{"href":"https:\/\/www.psc-psoe.es\/index.php\/wp-json\/wp\/v2\/media?parent=2128"}],"wp:term":[{"taxonomy":"category","embeddable":true,"href":"https:\/\/www.psc-psoe.es\/index.php\/wp-json\/wp\/v2\/categories?post=2128"},{"taxonomy":"post_tag","embeddable":true,"href":"https:\/\/www.psc-psoe.es\/index.php\/wp-json\/wp\/v2\/tags?post=2128"}],"curies":[{"name":"wp","href":"https:\/\/api.w.org\/{rel}","templated":true}]}}