{"id":212,"date":"2018-11-15T18:25:27","date_gmt":"2018-11-15T17:25:27","guid":{"rendered":"http:\/\/psc-psoe.es\/?p=212"},"modified":"2018-12-26T18:11:48","modified_gmt":"2018-12-26T17:11:48","slug":"el-psoe-solicita-al-alcalde-de-potes-una-reunion-informativa-sobre-la-obra-de-la-variante","status":"publish","type":"post","link":"https:\/\/www.psc-psoe.es\/index.php\/2018\/11\/15\/el-psoe-solicita-al-alcalde-de-potes-una-reunion-informativa-sobre-la-obra-de-la-variante\/","title":{"rendered":"El PSOE solicita al Alcalde de Potes una reuni\u00f3n informativa sobre la obra de la variante"},"content":{"rendered":"<div><strong>La secretaria comarcal de Li\u00e9bana del PSOE de Cantabria y portavoz municipal en el Ayuntamiento de Potes, Roc\u00edo R\u00e1bago \u00a0reclama &#8220;conocer de primera mano los detalles de esta obra, las alternativas de los trazados as\u00ed como los plazos de ejecuci\u00f3n de la misma para saber c\u00f3mo y en qu\u00e9 medida afecta a los vecinos y vecinas de Potes&#8221;.\u00a0<\/strong><strong>Para la edil socialista, &#8220;tras 16 a\u00f1os de idas y venidas, esperamos que la construcci\u00f3n de esta variante sea la soluci\u00f3n definitiva a los problemas circulatorios existentes en el centro de la villa y que sirva para mejorar el servicio a los usuarios de la carretera N-621 siempre y cuando, no perjudique a los vecinos y vecinas de Potes&#8221;<\/strong><\/div>\n<div><\/div>\n<div><\/div>\n<div>\n<p>La secretaria comarcal de Li\u00e9bana del PSOE de Cantabria y portavoz municipal en el Ayuntamiento de Potes, Roc\u00edo R\u00e1bago solicita &#8220;al alcalde Javier G\u00f3mez Ruiz, una reuni\u00f3n informativa abierta para todos los vecinos y vecinas en la que se explique el alcance de la obra de la variarte de Potes&#8221;.<\/p>\n<p><span class=\"Apple-style-span\">\u00a0<\/span><\/p>\n<p><span class=\"Apple-style-span\">R\u00e1bago, realiza estas declaraciones despu\u00e9s de que el ministro de Fomento, I\u00f1igo de la Serna, presentase esta semana las obras de la variante de Potes, cuyo coste es de 38,4 millones de euros.<\/span><\/p>\n<p><span class=\"Apple-style-span\">\u00a0<\/span><\/p>\n<p><span class=\"Apple-style-span\">Por ello, reclama &#8220;conocer de primera mano los detalles de esta obra, las alternativas de los trazados as\u00ed como los plazos de ejecuci\u00f3n de la misma para saber c\u00f3mo y en qu\u00e9 medida afecta a los vecinos y vecinas de Potes&#8221;.\u00a0<\/span><\/p>\n<p><span class=\"Apple-style-span\">\u00a0<\/span><\/p>\n<p><span class=\"Apple-style-span\">&#8220;Estamos ante una obra de gran trascendencia para Potes en particular y para Li\u00e9bana en general, y por eso, requerimos para los vecinos y vecinas de nuestro municipio, informaci\u00f3n puntual y minuciosa de la obra &#8220;, subraya.<\/span><\/p>\n<p><span class=\"Apple-style-span\">\u00a0<\/span><\/p>\n<p><span class=\"Apple-style-span\">A su juicio, &#8220;tras 16 a\u00f1os de idas y venidas, esperamos que la construcci\u00f3n de esta variante sea la soluci\u00f3n definitiva a los problemas circulatorios existentes en el centro de la villa y que sirva para mejorar el servicio a los usuarios de la carretera N-621 siempre y cuando, no perjudique a los vecinos y vecinas de Potes&#8221;.\u00a0<\/span><\/p>\n<p><span class=\"Apple-style-span\">\u00a0<\/span><\/p>\n<p><span class=\"Apple-style-span\">Por \u00faltimo, Roc\u00edo R\u00e1bago, asegura que &#8220;es fundamental y necesario que se elimine gran parte del tr\u00e1fico que atraviesa y colapsa diariamente el centro de Potes, hay que descongestionar el municipio, sin embargo, no queremos que los comercios o los negocios hosteleros existentes se puedan ver afectados por las obras&#8221;.<\/span><\/p>\n<\/div>\n","protected":false},"excerpt":{"rendered":"<p>La secretaria comarcal de Li\u00e9bana del PSOE de Cantabria y portavoz municipal en el Ayuntamiento de Potes, Roc\u00edo R\u00e1bago \u00a0reclama &#8220;conocer de primera mano los detalles de esta obra, las alternativas de los trazados as\u00ed como los plazos de ejecuci\u00f3n de la misma para saber c\u00f3mo y en qu\u00e9 medida afecta a los vecinos y [&hellip;]<\/p>\n","protected":false},"author":1,"featured_media":213,"comment_status":"open","ping_status":"open","sticky":false,"template":"","format":"standard","meta":{"tdm_status":"","tdm_grid_status":"","footnotes":""},"categories":[36,6,25],"tags":[43],"class_list":["post-212","post","type-post","status-publish","format-standard","has-post-thumbnail","hentry","category-liebana","category-agrupaciones","category-actualidad","tag-liebana"],"_links":{"self":[{"href":"https:\/\/www.psc-psoe.es\/index.php\/wp-json\/wp\/v2\/posts\/212","targetHints":{"allow":["GET"]}}],"collection":[{"href":"https:\/\/www.psc-psoe.es\/index.php\/wp-json\/wp\/v2\/posts"}],"about":[{"href":"https:\/\/www.psc-psoe.es\/index.php\/wp-json\/wp\/v2\/types\/post"}],"author":[{"embeddable":true,"href":"https:\/\/www.psc-psoe.es\/index.php\/wp-json\/wp\/v2\/users\/1"}],"replies":[{"embeddable":true,"href":"https:\/\/www.psc-psoe.es\/index.php\/wp-json\/wp\/v2\/comments?post=212"}],"version-history":[{"count":0,"href":"https:\/\/www.psc-psoe.es\/index.php\/wp-json\/wp\/v2\/posts\/212\/revisions"}],"wp:featuredmedia":[{"embeddable":true,"href":"https:\/\/www.psc-psoe.es\/index.php\/wp-json\/wp\/v2\/media\/213"}],"wp:attachment":[{"href":"https:\/\/www.psc-psoe.es\/index.php\/wp-json\/wp\/v2\/media?parent=212"}],"wp:term":[{"taxonomy":"category","embeddable":true,"href":"https:\/\/www.psc-psoe.es\/index.php\/wp-json\/wp\/v2\/categories?post=212"},{"taxonomy":"post_tag","embeddable":true,"href":"https:\/\/www.psc-psoe.es\/index.php\/wp-json\/wp\/v2\/tags?post=212"}],"curies":[{"name":"wp","href":"https:\/\/api.w.org\/{rel}","templated":true}]}}