{"id":2090,"date":"2018-12-05T17:54:05","date_gmt":"2018-12-05T16:54:05","guid":{"rendered":"http:\/\/psc-psoe.es\/?p=2090"},"modified":"2019-01-05T17:55:35","modified_gmt":"2019-01-05T16:55:35","slug":"el-centro-de-salud-de-los-castros-alberga-instalaciones-del-nuevo-suap-y-la-base-del-061","status":"publish","type":"post","link":"https:\/\/www.psc-psoe.es\/index.php\/2018\/12\/05\/el-centro-de-salud-de-los-castros-alberga-instalaciones-del-nuevo-suap-y-la-base-del-061\/","title":{"rendered":"El centro de salud de Los Castros alberga instalaciones del nuevo SUAP y la base del 061"},"content":{"rendered":"<p>La consejera de Sanidad, Luisa Real ha visitado este jueves las nuevas instalaciones del Servicio de Urgencias de Atenci\u00f3n Primaria (SUAP) del centro de salud de Los Castros.<\/p>\n<p>Un nuevo centro, que para los y las socialistas de Cantabria \u201caumenta la accesibilidad de la ciudadan\u00eda a los servicios para mejorar la calidad y seguridad de pacientes y profesionales e implanta mejoras en las instalaciones y en la dotaci\u00f3n tecnol\u00f3gica\u201d.<\/p>\n<p>El centro, que est\u00e1 dise\u00f1ado espec\u00edficamente para la atenci\u00f3n de las urgencias de atenci\u00f3n primaria, alberga igualmente la nueva base del Soporte Vital Avanzado (SVA) del 061, comunicada con el SUAP para seg\u00fan explican desde la Consejer\u00eda, \u201cfavorecer la coordinaci\u00f3n de actuaciones y mejorar la estabilizaci\u00f3n y traslado de los pacientes graves&#8221;.<\/p>\n<p>Las instalaciones del nuevo SUAP, independientes del centro de salud, disponen de cinco consultas m\u00e9dicas, tres de enfermer\u00eda y una sala para la atenci\u00f3n a pacientes cr\u00edticos, dotada de los \u00faltimos avances tecnol\u00f3gicos y cuenta tambi\u00e9n, con otra sala de observaci\u00f3n, una amplia zona de recepci\u00f3n y espera de pacientes, almacenes, habitaciones para los y las profesionales y una sala de descanso.<\/p>\n<p>El nuevo SUAP de Los Castros, da cobertura a la poblaci\u00f3n adscrita a los centros de salud de Cazo\u00f1a, El Alisal, Los Castros, Monta\u00f1a y Vargas y prestar\u00e1 servicio durante 16 horas los d\u00edas laborables, de 17:00 horas a las 09:00 horas y las 24 horas del d\u00edas los s\u00e1bados, domingos y festivos. <\/p>\n","protected":false},"excerpt":{"rendered":"<p>La consejera de Sanidad, Luisa Real ha visitado este jueves las nuevas instalaciones del Servicio de Urgencias de Atenci\u00f3n Primaria (SUAP) del centro de salud de Los Castros. Un nuevo centro, que para los y las socialistas de Cantabria \u201caumenta la accesibilidad de la ciudadan\u00eda a los servicios para mejorar la calidad y seguridad de [&hellip;]<\/p>\n","protected":false},"author":2,"featured_media":2092,"comment_status":"open","ping_status":"open","sticky":false,"template":"","format":"standard","meta":{"tdm_status":"","tdm_grid_status":"","footnotes":""},"categories":[24],"tags":[],"class_list":["post-2090","post","type-post","status-publish","format-standard","has-post-thumbnail","hentry","category-partido"],"_links":{"self":[{"href":"https:\/\/www.psc-psoe.es\/index.php\/wp-json\/wp\/v2\/posts\/2090","targetHints":{"allow":["GET"]}}],"collection":[{"href":"https:\/\/www.psc-psoe.es\/index.php\/wp-json\/wp\/v2\/posts"}],"about":[{"href":"https:\/\/www.psc-psoe.es\/index.php\/wp-json\/wp\/v2\/types\/post"}],"author":[{"embeddable":true,"href":"https:\/\/www.psc-psoe.es\/index.php\/wp-json\/wp\/v2\/users\/2"}],"replies":[{"embeddable":true,"href":"https:\/\/www.psc-psoe.es\/index.php\/wp-json\/wp\/v2\/comments?post=2090"}],"version-history":[{"count":0,"href":"https:\/\/www.psc-psoe.es\/index.php\/wp-json\/wp\/v2\/posts\/2090\/revisions"}],"wp:featuredmedia":[{"embeddable":true,"href":"https:\/\/www.psc-psoe.es\/index.php\/wp-json\/wp\/v2\/media\/2092"}],"wp:attachment":[{"href":"https:\/\/www.psc-psoe.es\/index.php\/wp-json\/wp\/v2\/media?parent=2090"}],"wp:term":[{"taxonomy":"category","embeddable":true,"href":"https:\/\/www.psc-psoe.es\/index.php\/wp-json\/wp\/v2\/categories?post=2090"},{"taxonomy":"post_tag","embeddable":true,"href":"https:\/\/www.psc-psoe.es\/index.php\/wp-json\/wp\/v2\/tags?post=2090"}],"curies":[{"name":"wp","href":"https:\/\/api.w.org\/{rel}","templated":true}]}}