{"id":1959,"date":"2018-10-18T16:20:15","date_gmt":"2018-10-18T15:20:15","guid":{"rendered":"http:\/\/psc-psoe.es\/?p=1959"},"modified":"2019-01-05T16:21:40","modified_gmt":"2019-01-05T15:21:40","slug":"la-ejecutiva-regional-del-psoe-aprueba-el-documento-de-la-conferencia-politica","status":"publish","type":"post","link":"https:\/\/www.psc-psoe.es\/index.php\/2018\/10\/18\/la-ejecutiva-regional-del-psoe-aprueba-el-documento-de-la-conferencia-politica\/","title":{"rendered":"La Ejecutiva Regional del PSOE aprueba el documento de la Conferencia Pol\u00edtica"},"content":{"rendered":"<p>La secretaria de Organizaci\u00f3n del PSOE de Cantabria, Noelia Cobo, informa de que en una reuni\u00f3n celebrada este jueves, \u201cla Comisi\u00f3n Ejecutiva Regional (CER) ha aprobado el documento pol\u00edtico de la Conferencia Pol\u00edtica\u201d, tal y como se acord\u00f3 el 6 de octubre en el Comit\u00e9 Regional del partido.<\/p>\n<p>Cobo asegura que la Conferencia Pol\u00edtica, la primera que celebran los y las socialistas c\u00e1ntabros y que tendr\u00e1 lugar el pr\u00f3ximo 17 y 18 de noviembre en Santander, \u201ctiene la finalidad de convertirse en un debate pol\u00edtico entre militantes para fijar las l\u00edneas program\u00e1ticas que dibujen el mejor proyecto socialista de cara a las elecciones municipales y auton\u00f3micas del 2019\u201d.<\/p>\n<p>\u201cDesde el PSOE de Cantabria estamos centrados en buscar las mejores propuestas para conseguir una Cantabria pr\u00f3spera, que permita el desarrollo y crecimiento econ\u00f3mico de nuestra regi\u00f3n, que responda a las necesidades de la gente, que transforme nuestra sociedad y en definitiva, que velen por el bienestar de los c\u00e1ntabros y de las c\u00e1ntabras\u201d, sostiene.<\/p>\n<p>De esta forma, explica que \u201cdurante los \u00faltimos meses todas las secretar\u00eda de \u00e1rea del PSOE de Cantabria han mantenido reuniones con diferentes colectivos y se han creado tambi\u00e9n grupos de ideas para escuchar todo lo que ten\u00edan que aportar\u201d.<\/p>\n<p>Por eso, cree que se llevar\u00e1 a cabo \u201cuna gran Conferencia Pol\u00edtica\u201d en la que iniste \u201cse necesita la implicaci\u00f3n directa de la militancia para elaborar el mejor proyecto socialista\u201d. \u201cJuntos y juntas sumamos y esta es la mejor manera de avanzar hacia una Cantabria mejor\u201d, resalta.<\/p>\n<p><strong>Proceso participativo y transformador<\/strong><\/p>\n<p>Asimismo, la n\u00famero dos de los socialistas c\u00e1ntabros afirma que \u201cel PSOE de Cantabria quiere que su Conferencia Pol\u00edtica sea un proceso abierto, participativo y transformador, en el que la gente colabore para incorporar sus aportaciones\u201d.<\/p>\n<p>\u201cQueremos conseguir un proyecto pol\u00edtico referente, con el que la ciudadan\u00eda se identifique, pensado para la gente, que nos permita avanzar en derechos y servicios y nos permita desarrollar una regi\u00f3n de oportunidades, una Cantabria con futuro\u201d, reitera.<\/p>\n<p><strong>Encuentros comarcales abiertos<\/strong><\/p>\n<p>Por otro lado, la dirigente socialista anuncia que \u201cdurante los meses de octubre y noviembre, el secretario general del PSOE de Cantabria, Pablo Zuloaga, llevar\u00e1 a cabo una serie de encuentros comarcales abiertos a los que cualquier ciudadano o ciudadana puede asistir y participar, sean militantes o no\u201d.<\/p>\n<p>En este sentido, anuncia que \u201cla ronda de encuentros comenzar\u00e1 el 24 de octubre, en Torrelavega, el 25 de octubre se celebrar\u00e1 en Colindres, el 30 de octubre en Santa Mar\u00eda de Cay\u00f3n, el 31 de octubre en Cabez\u00f3n de la Sal, el 6 de noviembre en Reinosa y finalizar\u00e1 el 8 de noviembre en Santander\u201d.<\/p>\n<p>Por \u00faltimo, Noelia Cobo asegura que estos encuentros a los que asistir\u00e1n los y las consejeras socialistas del Gobierno de Cantabria, \u201cservir\u00e1n para fijar las prioridades de cada comarca en nuestro programa electoral, debatir sobre sus principales problemas, enriquecernos de ideas progresistas y hacer part\u00edcipes a la ciudadan\u00eda de un proyecto electoral que queremos que sea cre\u00edble y realizable\u201d<\/p>\n<p>\u201cNuestro secretario general ha recorrido desde el primer d\u00eda nuestra regi\u00f3n, y as\u00ed lo va a seguir haciendo, porque es en la calle d\u00f3nde sabemos si estamos haciendo bien o mal las cosas y es en la calle, d\u00f3nde se realizan las verdaderas encuestas\u201d, concluye la socialista. <\/p>\n","protected":false},"excerpt":{"rendered":"<p>La secretaria de Organizaci\u00f3n del PSOE de Cantabria, Noelia Cobo, informa de que en una reuni\u00f3n celebrada este jueves, \u201cla Comisi\u00f3n Ejecutiva Regional (CER) ha aprobado el documento pol\u00edtico de la Conferencia Pol\u00edtica\u201d, tal y como se acord\u00f3 el 6 de octubre en el Comit\u00e9 Regional del partido. Cobo asegura que la Conferencia Pol\u00edtica, la [&hellip;]<\/p>\n","protected":false},"author":2,"featured_media":1960,"comment_status":"open","ping_status":"open","sticky":false,"template":"","format":"standard","meta":{"tdm_status":"","tdm_grid_status":"","footnotes":""},"categories":[24],"tags":[],"class_list":["post-1959","post","type-post","status-publish","format-standard","has-post-thumbnail","hentry","category-partido"],"_links":{"self":[{"href":"https:\/\/www.psc-psoe.es\/index.php\/wp-json\/wp\/v2\/posts\/1959","targetHints":{"allow":["GET"]}}],"collection":[{"href":"https:\/\/www.psc-psoe.es\/index.php\/wp-json\/wp\/v2\/posts"}],"about":[{"href":"https:\/\/www.psc-psoe.es\/index.php\/wp-json\/wp\/v2\/types\/post"}],"author":[{"embeddable":true,"href":"https:\/\/www.psc-psoe.es\/index.php\/wp-json\/wp\/v2\/users\/2"}],"replies":[{"embeddable":true,"href":"https:\/\/www.psc-psoe.es\/index.php\/wp-json\/wp\/v2\/comments?post=1959"}],"version-history":[{"count":0,"href":"https:\/\/www.psc-psoe.es\/index.php\/wp-json\/wp\/v2\/posts\/1959\/revisions"}],"wp:featuredmedia":[{"embeddable":true,"href":"https:\/\/www.psc-psoe.es\/index.php\/wp-json\/wp\/v2\/media\/1960"}],"wp:attachment":[{"href":"https:\/\/www.psc-psoe.es\/index.php\/wp-json\/wp\/v2\/media?parent=1959"}],"wp:term":[{"taxonomy":"category","embeddable":true,"href":"https:\/\/www.psc-psoe.es\/index.php\/wp-json\/wp\/v2\/categories?post=1959"},{"taxonomy":"post_tag","embeddable":true,"href":"https:\/\/www.psc-psoe.es\/index.php\/wp-json\/wp\/v2\/tags?post=1959"}],"curies":[{"name":"wp","href":"https:\/\/api.w.org\/{rel}","templated":true}]}}