{"id":1912,"date":"2018-10-01T12:33:23","date_gmt":"2018-10-01T11:33:23","guid":{"rendered":"http:\/\/psc-psoe.es\/?p=1912"},"modified":"2019-02-19T13:03:36","modified_gmt":"2019-02-19T12:03:36","slug":"el-psoe-lamenta-que-gema-igual-viva-alejada-de-la-realidad-reclamando-explicaciones-sobre-los-espigones","status":"publish","type":"post","link":"https:\/\/www.psc-psoe.es\/index.php\/2018\/10\/01\/el-psoe-lamenta-que-gema-igual-viva-alejada-de-la-realidad-reclamando-explicaciones-sobre-los-espigones\/","title":{"rendered":"El PSOE lamenta que Gema Igual \u201cviva alejada de la realidad\u201d reclamando explicaciones sobre los espigones"},"content":{"rendered":"<p>El secretario general del PSOE y portavoz municipal en el ayuntamiento de Santander, Pedro Casares, considera que la alcaldesa de Santander, Gema Igual, \u201cvive alejada de la realidad\u201d cuando reclama explicaciones sobre la suspensi\u00f3n indefinida de la obra para la estabilizaci\u00f3n del sistema de playas de La Magdalena, Bikinis y Los Peligros.<\/p>\n<p>Casares considera \u201cincre\u00edble\u201d que Igual afirme que la construcci\u00f3n de los espigones es un proyecto que responde a una demanda ciudadana y que es muy necesario para Santander \u201cobviando las numerosas protestas, manifestaciones y concentraciones en contra\u201d.<\/p>\n<p>\u00bfEn qu\u00e9 mundo vive la alcaldesa? cr\u00edtica el edil, que le pide que \u201cponga los pies en la tierra y escuche a los santanderinos antes de hablar en su nombre\u201d. \u201cEs vergonzoso el grado de cinismo de quien es la m\u00e1xima autoridad de esta ciudad y no defiende los intereses de los santanderinos sino los suyos propios\u201d.<\/p>\n<p>Para el l\u00edder socialista, \u201campararse en un falso proceso de participaci\u00f3n, y en una encuesta, de la que por m\u00e1s que hemos pedido, no han sabido o querido darnos los datos, para decir que el 90% de los santanderinos quiere los espigones, es tremendamente irresponsable\u201d.<\/p>\n<p>\u201cLo \u00fanico que ha estado plagado de oscurantismo, incertidumbres y falta de informaci\u00f3n ha sido el proceso para decidir finalmente que para tener arenales hab\u00eda que construir espigones, comenzando por esa famosa encuesta que nadie conoce, nadie ha visto y nadie recuerda haber hecho en esta ciudad\u201d denuncia Casares.<\/p>\n<p>\u00bfC\u00f3mo se puede hacer tanto el rid\u00edculo sin avergonzarse? Se pregunta el edil, que recuerda que, seg\u00fan datos de Demarcaci\u00f3n de Costas, la encuesta de la alcaldesa con un 90% de santanderinos a favor de los espigones solo la hicieron 166 personas.<\/p>\n<p>En este sentido, el l\u00edder de los socialistas santanderinos pide a Igual que \u201csi no es capaz de dar soluciones y estar del lado de los santanderinos, que ha celebrado esta decisi\u00f3n del Gobierno de Espa\u00f1a, lo menos que puede hacer es dejar de molestar\u201d. \u201cLos santanderinos quieren playa pero no a cualquier precio\u201d enfatiza.<\/p>\n<p><strong>Atentado ambiental y paisaj\u00edstico<\/strong><\/p>\n<p>Adem\u00e1s, Casares recuerda el enorme impacto ambiental y paisaj\u00edstico, y tambi\u00e9n las imprevisibles consecuencias no solo para nuestras playas, sino para el conjunto de la bah\u00eda, de las que alertaban los expertos y ecologistas, que afectaban tambi\u00e9n a espacios de extraordinario inter\u00e9s y valor como las dunas de El Puntal o el estuario del Miera.<\/p>\n<p>\u201cParece que la alcaldesa quiere obviar el amplio rechazo ciudadano a una obra que era un atentado medioambiental y paisaj\u00edstico, con un amplio rechazo ciudadano, cada vez mayor, desde que en enero comenzaran estas obras\u201d se\u00f1ala el l\u00edder socialista.<\/p>\n<p>De la misma forma, el edil ha recordado a la alcaldesa que el ministerio de Transici\u00f3n Ecol\u00f3gica tiene autonom\u00eda para decidir cu\u00e1ndo informar de su toma de decisiones, \u201cpero en todo caso, la responsable de despilfarros como el de 7 millones de euros en el metro-TUS no est\u00e1 como para preguntar por costes extraordinarios de parar una obra\u201d.<\/p>\n<p>Por \u00faltimo, Pedro Casares ha reiterado el agradecimiento al Gobierno de Espa\u00f1a por la sensibilidad y el compromiso demostrados. Y tambi\u00e9n a ecologistas y a asociaciones y plataformas que no se rindieron durante todo este tiempo \u201cy que han luchado para defender algo justo como es proteger nuestras playas\u201d. <\/p>\n","protected":false},"excerpt":{"rendered":"<p>El secretario general del PSOE y portavoz municipal en el ayuntamiento de Santander, Pedro Casares, considera que la alcaldesa de Santander, Gema Igual, \u201cvive alejada de la realidad\u201d cuando reclama explicaciones sobre la suspensi\u00f3n indefinida de la obra para la estabilizaci\u00f3n del sistema de playas de La Magdalena, Bikinis y Los Peligros. Casares considera \u201cincre\u00edble\u201d [&hellip;]<\/p>\n","protected":false},"author":2,"featured_media":1141,"comment_status":"open","ping_status":"open","sticky":false,"template":"","format":"standard","meta":{"tdm_status":"","tdm_grid_status":"","footnotes":""},"categories":[20,16],"tags":[],"class_list":["post-1912","post","type-post","status-publish","format-standard","has-post-thumbnail","hentry","category-santander","category-noticias-santander"],"_links":{"self":[{"href":"https:\/\/www.psc-psoe.es\/index.php\/wp-json\/wp\/v2\/posts\/1912","targetHints":{"allow":["GET"]}}],"collection":[{"href":"https:\/\/www.psc-psoe.es\/index.php\/wp-json\/wp\/v2\/posts"}],"about":[{"href":"https:\/\/www.psc-psoe.es\/index.php\/wp-json\/wp\/v2\/types\/post"}],"author":[{"embeddable":true,"href":"https:\/\/www.psc-psoe.es\/index.php\/wp-json\/wp\/v2\/users\/2"}],"replies":[{"embeddable":true,"href":"https:\/\/www.psc-psoe.es\/index.php\/wp-json\/wp\/v2\/comments?post=1912"}],"version-history":[{"count":0,"href":"https:\/\/www.psc-psoe.es\/index.php\/wp-json\/wp\/v2\/posts\/1912\/revisions"}],"wp:featuredmedia":[{"embeddable":true,"href":"https:\/\/www.psc-psoe.es\/index.php\/wp-json\/wp\/v2\/media\/1141"}],"wp:attachment":[{"href":"https:\/\/www.psc-psoe.es\/index.php\/wp-json\/wp\/v2\/media?parent=1912"}],"wp:term":[{"taxonomy":"category","embeddable":true,"href":"https:\/\/www.psc-psoe.es\/index.php\/wp-json\/wp\/v2\/categories?post=1912"},{"taxonomy":"post_tag","embeddable":true,"href":"https:\/\/www.psc-psoe.es\/index.php\/wp-json\/wp\/v2\/tags?post=1912"}],"curies":[{"name":"wp","href":"https:\/\/api.w.org\/{rel}","templated":true}]}}