{"id":1903,"date":"2018-10-01T12:24:47","date_gmt":"2018-10-01T11:24:47","guid":{"rendered":"http:\/\/psc-psoe.es\/?p=1903"},"modified":"2019-01-05T12:25:45","modified_gmt":"2019-01-05T11:25:45","slug":"nuestro-habitat-es-nuestra-responsabilidad","status":"publish","type":"post","link":"https:\/\/www.psc-psoe.es\/index.php\/2018\/10\/01\/nuestro-habitat-es-nuestra-responsabilidad\/","title":{"rendered":"Nuestro habitat, es nuestra responsabilidad"},"content":{"rendered":"<p>Las ciudades est\u00e1n afrontando en todo el mundo enormes desaf\u00edos demogr\u00e1ficos. Se espera que en 2030, un 60% de la poblaci\u00f3n mundial resida en \u00e1reas urbanas. Y este acelerado crecimiento est\u00e1 desbordando nuestra capacidad de planificaci\u00f3n y de respuesta.<\/p>\n<p>El pr\u00f3ximo lunes, 1 de octubre, se celebra el D\u00eda Mundial del H\u00e1bitat, con el que Naciones Unidas quiere estimular cada a\u00f1o una reflexi\u00f3n sobre los derechos y obligaciones que debemos incorporar a nuestro patr\u00f3n de vida para una adecuada relaci\u00f3n con el entorno que la hace posible, al tiempo que nos recuerda que ello nos hace responsables de un futuro que modelamos colectivamente.<\/p>\n<p>Este a\u00f1o, el D\u00eda Mundial del H\u00e1bitat nos alerta sobre la gesti\u00f3n de los residuos. En la medida en que nuestras basuras aumentan progresivamente \u2013el Banco Mundial acaba de apuntar que la generaci\u00f3n de residuos crecer\u00e1 un 70% en los pr\u00f3ximos a\u00f1os-, se incrementa exponencialmente su contribuci\u00f3n al deterioro del medio ambiente, en menoscabo de nuestra salud y nuestra calidad de vida, al tiempo que sus emisiones de gases de efecto invernadero acent\u00faan el impacto clim\u00e1tico.<\/p>\n<p>Constatamos as\u00ed que el actual patr\u00f3n de crecimiento econ\u00f3mico se ha revelado insostenible, y que es necesario sustituirlo por un modelo de desarrollo basado en el uso \u00f3ptimo de recursos, materias y productos; reduciendo al m\u00ednimo la generaci\u00f3n de residuos.<\/p>\n<p>La transici\u00f3n de una econom\u00eda lineal a una econom\u00eda circular viene impuesta por el hecho de que, seg\u00fan las previsiones de Naciones Unidas, la poblaci\u00f3n mundial crecer\u00e1 hasta los 9.100 millones de personas en 2050, y con esta cifra har\u00edan falta casi 3 planetas Tierra para proporcionar los recursos naturales que nuestros ritmos de consumo actuales demandar\u00edan.<\/p>\n<p>Seg\u00fan los \u00faltimos datos aportados por Eurostat, en 2014 se generaron en la UE 2.502 millones de toneladas de residuos, de los que \u00fanicamente se reaprovecharon 900 millones (un 36%). Y en Espa\u00f1a 111 millones de toneladas de residuos, con una tasa de reciclaje del 24,32%, \u00a1m\u00e1s de 10 puntos por debajo de la media europea!<\/p>\n<p>Adem\u00e1s de los beneficios ambientales que se derivan de una adecuada gesti\u00f3n de los residuos respecto a la protecci\u00f3n del suelo, de las aguas, del aire o del clima, la Comisi\u00f3n Europea estima que la econom\u00eda circular proporcionar\u00e1 importantes beneficios econ\u00f3micos y sociales. Seg\u00fan sus proyecciones, de aqu\u00ed a 2030 la econom\u00eda circular podr\u00eda generar un<\/p>\n<p>beneficio de 1,8 billones de euros en el conjunto de la UE, lo que supondr\u00eda 0,9 billones m\u00e1s que el actual modelo de econom\u00eda lineal; la industria podr\u00eda ahorrarse 600.000 millones de euros en materias primas; y podr\u00edan crearse 580.000 nuevos puestos de trabajo.<\/p>\n<p>Dinamarca, Finlandia, Luxemburgo, Pa\u00edses Bajos o Portugal han dise\u00f1ado ya sus planes de acci\u00f3n de econom\u00eda circular, transponiendo el marco comunitario a sus caracter\u00edsticas econ\u00f3micas y sociales, y a sus capacidades productivas y energ\u00e9ticas, adapt\u00e1ndolas a sus l\u00edmites naturales. Nuestro pa\u00eds, por el contrario, acumula un serio d\u00e9ficit como consecuencia del retroceso sufrido por las pol\u00edticas ambientales tras siete a\u00f1os de gobierno del PP. Hemos de recuperar los a\u00f1os perdidos en la lucha contra el cambio clim\u00e1tico, en la protecci\u00f3n de la calidad del aire y el agua, en la preservaci\u00f3n de la biodiversidad, y tambi\u00e9n en una correcta gesti\u00f3n de los residuos, hoy seriamente cuestionada por la Comisi\u00f3n Europea.<\/p>\n<p>En este D\u00eda Mundial del H\u00e1bitat, el PSOE quiere reafirmar su apuesta de Gobierno por la transici\u00f3n ecol\u00f3gica. Porque entendemos que no hay econom\u00eda posible sin ecolog\u00eda responsable, reiteramos nuestra apuesta por un nuevo modelo productivo generador de un progreso seguro, m\u00e1s justo y m\u00e1s duradero. <\/p>\n","protected":false},"excerpt":{"rendered":"<p>Las ciudades est\u00e1n afrontando en todo el mundo enormes desaf\u00edos demogr\u00e1ficos. Se espera que en 2030, un 60% de la poblaci\u00f3n mundial resida en \u00e1reas urbanas. Y este acelerado crecimiento est\u00e1 desbordando nuestra capacidad de planificaci\u00f3n y de respuesta. El pr\u00f3ximo lunes, 1 de octubre, se celebra el D\u00eda Mundial del H\u00e1bitat, con el que [&hellip;]<\/p>\n","protected":false},"author":2,"featured_media":0,"comment_status":"open","ping_status":"open","sticky":false,"template":"","format":"standard","meta":{"tdm_status":"","tdm_grid_status":"","footnotes":""},"categories":[24],"tags":[],"class_list":["post-1903","post","type-post","status-publish","format-standard","hentry","category-partido"],"_links":{"self":[{"href":"https:\/\/www.psc-psoe.es\/index.php\/wp-json\/wp\/v2\/posts\/1903","targetHints":{"allow":["GET"]}}],"collection":[{"href":"https:\/\/www.psc-psoe.es\/index.php\/wp-json\/wp\/v2\/posts"}],"about":[{"href":"https:\/\/www.psc-psoe.es\/index.php\/wp-json\/wp\/v2\/types\/post"}],"author":[{"embeddable":true,"href":"https:\/\/www.psc-psoe.es\/index.php\/wp-json\/wp\/v2\/users\/2"}],"replies":[{"embeddable":true,"href":"https:\/\/www.psc-psoe.es\/index.php\/wp-json\/wp\/v2\/comments?post=1903"}],"version-history":[{"count":0,"href":"https:\/\/www.psc-psoe.es\/index.php\/wp-json\/wp\/v2\/posts\/1903\/revisions"}],"wp:attachment":[{"href":"https:\/\/www.psc-psoe.es\/index.php\/wp-json\/wp\/v2\/media?parent=1903"}],"wp:term":[{"taxonomy":"category","embeddable":true,"href":"https:\/\/www.psc-psoe.es\/index.php\/wp-json\/wp\/v2\/categories?post=1903"},{"taxonomy":"post_tag","embeddable":true,"href":"https:\/\/www.psc-psoe.es\/index.php\/wp-json\/wp\/v2\/tags?post=1903"}],"curies":[{"name":"wp","href":"https:\/\/api.w.org\/{rel}","templated":true}]}}