{"id":1825,"date":"2018-09-07T13:57:54","date_gmt":"2018-09-07T12:57:54","guid":{"rendered":"http:\/\/psc-psoe.es\/?p=1825"},"modified":"2025-04-01T15:18:03","modified_gmt":"2025-04-01T14:18:03","slug":"pedro-casares-unico-precandidato-en-las-primarias-a-la-alcaldia-de-santander","status":"publish","type":"post","link":"https:\/\/www.psc-psoe.es\/index.php\/2018\/09\/07\/pedro-casares-unico-precandidato-en-las-primarias-a-la-alcaldia-de-santander\/","title":{"rendered":"Pedro Casares, \u00fanico precandidato en las primarias a la alcald\u00eda de Santander"},"content":{"rendered":"<p>El secretario de Organizaci\u00f3n del PSOE de Santander, Daniel Fern\u00e1ndez, anuncia que el secretario general del PSOE y portavoz municipal en el ayuntamiento, Pedro Casares, es el \u00fanico precandidato en las primarias a la alcald\u00eda de la capital de Cantabria.<\/p>\n<p>Fern\u00e1ndez explica que, tras cerrarse el plazo para la presentaci\u00f3n de precandidaturas, con la \u00fanica precandidatura de Casares, hoy se confirma su precandidatura provisional.<br \/>\nAs\u00ed, recuerda que desde el 7 hasta el 17 de septiembre, Casares tendr\u00e1 que recoger avales que representen como m\u00ednimo entre un 5% y un 10% del censo de la militancia de la agrupaci\u00f3n santanderina.<\/p>\n<p>Los avales ser\u00e1n presentados ante la Comisi\u00f3n de Garant\u00edas Electorales del PSOE de Cantabria dentro de dicho plazo. Tras el mismo y el periodo de verificaci\u00f3n y recursos, el 21 de septiembre el precandidato ser\u00e1 ratificado como precandidato definitivo, que se ratificado tras la aprobaci\u00f3n por la Comisi\u00f3n Regional de Garant\u00edas Electorales y la Comisi\u00f3n Federal de Garant\u00edas Electorales del PSOE.<\/p>\n<p>Por \u00faltimo, Daniel Fern\u00e1ndez destaca que la ratificaci\u00f3n definitiva, al ser la candidatura a una alcald\u00eda de m\u00e1s de 50.000 habitantes, se producir\u00e1 por el Comit\u00e9 Regional del PSOE de Cantabria y posteriormente, por el Comit\u00e9 Federal del PSOE. <\/p>\n","protected":false},"excerpt":{"rendered":"<p>El secretario de Organizaci\u00f3n del PSOE de Santander, Daniel Fern\u00e1ndez, anuncia que el secretario general del PSOE y portavoz municipal en el ayuntamiento, Pedro Casares, es el \u00fanico precandidato en las primarias a la alcald\u00eda de la capital de Cantabria. Fern\u00e1ndez explica que, tras cerrarse el plazo para la presentaci\u00f3n de precandidaturas, con la \u00fanica [&hellip;]<\/p>\n","protected":false},"author":2,"featured_media":1736,"comment_status":"open","ping_status":"open","sticky":false,"template":"","format":"standard","meta":{"tdm_status":"","tdm_grid_status":"","footnotes":""},"categories":[20,16,420],"tags":[],"class_list":["post-1825","post","type-post","status-publish","format-standard","has-post-thumbnail","hentry","category-santander","category-noticias-santander","category-pedro-casares"],"_links":{"self":[{"href":"https:\/\/www.psc-psoe.es\/index.php\/wp-json\/wp\/v2\/posts\/1825","targetHints":{"allow":["GET"]}}],"collection":[{"href":"https:\/\/www.psc-psoe.es\/index.php\/wp-json\/wp\/v2\/posts"}],"about":[{"href":"https:\/\/www.psc-psoe.es\/index.php\/wp-json\/wp\/v2\/types\/post"}],"author":[{"embeddable":true,"href":"https:\/\/www.psc-psoe.es\/index.php\/wp-json\/wp\/v2\/users\/2"}],"replies":[{"embeddable":true,"href":"https:\/\/www.psc-psoe.es\/index.php\/wp-json\/wp\/v2\/comments?post=1825"}],"version-history":[{"count":1,"href":"https:\/\/www.psc-psoe.es\/index.php\/wp-json\/wp\/v2\/posts\/1825\/revisions"}],"predecessor-version":[{"id":10137,"href":"https:\/\/www.psc-psoe.es\/index.php\/wp-json\/wp\/v2\/posts\/1825\/revisions\/10137"}],"wp:featuredmedia":[{"embeddable":true,"href":"https:\/\/www.psc-psoe.es\/index.php\/wp-json\/wp\/v2\/media\/1736"}],"wp:attachment":[{"href":"https:\/\/www.psc-psoe.es\/index.php\/wp-json\/wp\/v2\/media?parent=1825"}],"wp:term":[{"taxonomy":"category","embeddable":true,"href":"https:\/\/www.psc-psoe.es\/index.php\/wp-json\/wp\/v2\/categories?post=1825"},{"taxonomy":"post_tag","embeddable":true,"href":"https:\/\/www.psc-psoe.es\/index.php\/wp-json\/wp\/v2\/tags?post=1825"}],"curies":[{"name":"wp","href":"https:\/\/api.w.org\/{rel}","templated":true}]}}