{"id":1820,"date":"2018-09-01T13:55:38","date_gmt":"2018-09-01T12:55:38","guid":{"rendered":"http:\/\/psc-psoe.es\/?p=1820"},"modified":"2025-04-01T15:18:04","modified_gmt":"2025-04-01T14:18:04","slug":"pedro-casares-denuncia-que-la-documentacion-historica-abandonada-en-una-nave-en-candina-no-volvera-al-archivo-municipal","status":"publish","type":"post","link":"https:\/\/www.psc-psoe.es\/index.php\/2018\/09\/01\/pedro-casares-denuncia-que-la-documentacion-historica-abandonada-en-una-nave-en-candina-no-volvera-al-archivo-municipal\/","title":{"rendered":"Pedro Casares denuncia que la documentaci\u00f3n hist\u00f3rica abandonada en una nave en Candina no volver\u00e1 al Archivo Municipal"},"content":{"rendered":"<p>El secretario general del PSOE y portavoz municipal en el ayuntamiento de Santander, Pedro Casares, denuncia que la documentaci\u00f3n hist\u00f3rica abandona en una nave municipal en Candina no volver\u00e1 a formar parte del Archivo Municipal.<br \/>\nCasares concluye \u201cque en contra de lo que dijo la concejala de Cultura\u201d tras la denuncia el pasado 11 de agosto, los legajos hallados en el almac\u00e9n municipal \u201cno hab\u00edan sido depositados temporalmente mientras se realizaban obras en el Archivo\u201d.<\/p>\n<p>La prueba evidente de que no van a volver es el hecho de que el ayuntamiento los ha calificado como documentaci\u00f3n \u201cno relevante para la ciudadan\u00eda ni para la Administraci\u00f3n\u201d, en un informe emitido con posterioridad a la denuncia del PSOE.<\/p>\n<p>De la misma forma, el l\u00edder socialista desvela que la concejala de Cultura ha solicitado por carta a la Direcci\u00f3n General de Cultura del Gobierno de Cantabria que se haga cargo de los documentos. Todo esto demuestra las mentiras de la concejala y \u201cel desinter\u00e9s\u201d del PP.<\/p>\n<p><strong>Convocatoria extraordinaria Cultura<\/strong><\/p>\n<p>Para el l\u00edder socialista, el ayuntamiento podr\u00eda haber incumplido las leyes de Patrimonio y la Ley de Memoria Hist\u00f3rica \u201ccon este supuesto traslado\u201d. As\u00ed como, su obligaci\u00f3n legal de custodia y consulta \u201cporque ni se ha custodiado bien, a las pruebas de estos hechos ni se puede consultar la documentaci\u00f3n\u201d.<\/p>\n<p>\u201cTiene que dar explicaciones de por qu\u00e9 tom\u00f3 esta decisi\u00f3n de trasladar a Candina estos documentos, as\u00ed como del resto de noticias que hemos conocido. Tambi\u00e9n, dejar que los responsables del Archivo Municipal valoren la trascendencia de estos hechos\u201d afirma.<\/p>\n<p>Por ello, Casares anuncia que el PSOE va a pedir la convocatoria extraordinaria de la comisi\u00f3n de Acci\u00f3n Cultural y Promoci\u00f3n Educativa del Ayuntamiento, para que la concejala \u201cd\u00e9 explicaciones claras\u201d y comparezcan los responsables del Archivo Municipal.<\/p>\n<p>\u201cSi no llegamos a denunciarlo y sacar a la luz el estado de los legajos, no sabemos qu\u00e9 habr\u00eda pasado con ellos\u201d asegura el edil. En este sentido, la concejala minti\u00f3 cuando afirm\u00f3 que los legajos hab\u00edan salido del Archivo Municipal y depositados en dicha nave \u201cpor las obras que se estaban realizando en el ayuntamiento\u201d.<\/p>\n<p>Seg\u00fan ha informado el portavoz del PSOE, el resto de documentaci\u00f3n del Archivo Municipal \u201cfue entregada a una empresa privada para su traslado y conservaci\u00f3n durante las obras salvo esta documentaci\u00f3n. Adem\u00e1s, toda esa documentaci\u00f3n volvi\u00f3 en febrero al Archivo excepto los legajos\u201d.<\/p>\n<p>Tambi\u00e9n, tendr\u00e1 que explicar porque al d\u00eda siguiente de la denuncia se orden\u00f3 su traslado al dep\u00f3sito del Archivo Municipal en el Mercado de la Esperanza. \u00bfD\u00f3nde est\u00e1 el registro de salida o el oficio de esos trasladados? se pregunta Casares.<\/p>\n<p>Asimismo, el l\u00edder de los socialistas santanderinos denuncia como otra prueba m\u00e1s de la posible intenci\u00f3n de hacer desaparecer los legajos es que no estaban ni catalogados ni inventariados. No exist\u00edan a efectos oficiales. Y por tanto, a d\u00eda de hoy, \u201cno s\u00e9 sabe cu\u00e1ntos documentos fueron trasladados del Archivo Municipal a la nave en Candina y cu\u00e1ntos han vuelto\u201d.<\/p>\n<p>Por \u00faltimo, Pedro Casares denuncia \u201cel desprecio absoluto\u201d que demuestran todos estos hechos. La concejala de Cultura es incapaz de respetar el patrimonio y la historia de Santander, que la conforma tambi\u00e9n este cap\u00edtulo triste y oscuro de nuestra historia en la que muchos santanderinos fueron perseguidos y castigados por sus ideas\u201d.<\/p>\n<p>\u201cEl Archivo Municipal es la memoria viva de nuestra ciudad, y la compone todo nuestro patrimonio, como esos legajos que representaban las historias personales de muchas personas, a las que la concejala ha insultado con estos hechos, demostrando que es incapaz de salvaguardar el patrimonio colectivo\u201d concluye. <\/p>\n","protected":false},"excerpt":{"rendered":"<p>El secretario general del PSOE y portavoz municipal en el ayuntamiento de Santander, Pedro Casares, denuncia que la documentaci\u00f3n hist\u00f3rica abandona en una nave municipal en Candina no volver\u00e1 a formar parte del Archivo Municipal. Casares concluye \u201cque en contra de lo que dijo la concejala de Cultura\u201d tras la denuncia el pasado 11 de [&hellip;]<\/p>\n","protected":false},"author":2,"featured_media":854,"comment_status":"open","ping_status":"open","sticky":false,"template":"","format":"standard","meta":{"tdm_status":"","tdm_grid_status":"","footnotes":""},"categories":[20,16,420],"tags":[],"class_list":["post-1820","post","type-post","status-publish","format-standard","has-post-thumbnail","hentry","category-santander","category-noticias-santander","category-pedro-casares"],"_links":{"self":[{"href":"https:\/\/www.psc-psoe.es\/index.php\/wp-json\/wp\/v2\/posts\/1820","targetHints":{"allow":["GET"]}}],"collection":[{"href":"https:\/\/www.psc-psoe.es\/index.php\/wp-json\/wp\/v2\/posts"}],"about":[{"href":"https:\/\/www.psc-psoe.es\/index.php\/wp-json\/wp\/v2\/types\/post"}],"author":[{"embeddable":true,"href":"https:\/\/www.psc-psoe.es\/index.php\/wp-json\/wp\/v2\/users\/2"}],"replies":[{"embeddable":true,"href":"https:\/\/www.psc-psoe.es\/index.php\/wp-json\/wp\/v2\/comments?post=1820"}],"version-history":[{"count":1,"href":"https:\/\/www.psc-psoe.es\/index.php\/wp-json\/wp\/v2\/posts\/1820\/revisions"}],"predecessor-version":[{"id":10138,"href":"https:\/\/www.psc-psoe.es\/index.php\/wp-json\/wp\/v2\/posts\/1820\/revisions\/10138"}],"wp:featuredmedia":[{"embeddable":true,"href":"https:\/\/www.psc-psoe.es\/index.php\/wp-json\/wp\/v2\/media\/854"}],"wp:attachment":[{"href":"https:\/\/www.psc-psoe.es\/index.php\/wp-json\/wp\/v2\/media?parent=1820"}],"wp:term":[{"taxonomy":"category","embeddable":true,"href":"https:\/\/www.psc-psoe.es\/index.php\/wp-json\/wp\/v2\/categories?post=1820"},{"taxonomy":"post_tag","embeddable":true,"href":"https:\/\/www.psc-psoe.es\/index.php\/wp-json\/wp\/v2\/tags?post=1820"}],"curies":[{"name":"wp","href":"https:\/\/api.w.org\/{rel}","templated":true}]}}