{"id":1818,"date":"2018-08-31T13:54:49","date_gmt":"2018-08-31T12:54:49","guid":{"rendered":"http:\/\/psc-psoe.es\/?p=1818"},"modified":"2019-02-19T13:07:24","modified_gmt":"2019-02-19T12:07:24","slug":"el-psoe-abre-el-proceso-para-elegir-la-candidatura-a-la-alcaldia-de-santander","status":"publish","type":"post","link":"https:\/\/www.psc-psoe.es\/index.php\/2018\/08\/31\/el-psoe-abre-el-proceso-para-elegir-la-candidatura-a-la-alcaldia-de-santander\/","title":{"rendered":"El PSOE abre el proceso para elegir la candidatura a la alcald\u00eda de Santander"},"content":{"rendered":"<p>El secretario de Organizaci\u00f3n del PSOE de Santander, Daniel Fern\u00e1ndez, anuncia que se abre el proceso para elegir al candidato o candidata a la alcald\u00eda de Santander.<\/p>\n<p>Fern\u00e1ndez explica que las primarias se celebrar\u00e1n el domingo, 30 de septiembre, para las cuales podr\u00e1n presentarse las diferentes precandidaturas entre el 3 y 6 de septiembre, como establece el acuerdo de aprobaci\u00f3n de la convocatoria por parte de la Comisi\u00f3n Ejecutiva Federal.<\/p>\n<p>En este proceso de primarias podr\u00e1 votar toda la militancia de la agrupaci\u00f3n santanderina, que est\u00e9 al corriente de sus cuotas a 24 de abril de 2018.<\/p>\n<p><strong>Recogida de avales y campa\u00f1a informativa<\/strong><\/p>\n<p>Una vez presentadas las candidaturas, el periodo para recoger avales a las candidaturas se podr\u00e1 llevar a cabo entre los d\u00edas 7 y 17 de septiembre, produci\u00e9ndose este d\u00eda la proclamaci\u00f3n provisional de candidatos.<\/p>\n<p>Asimismo, Fern\u00e1ndez detalla que no ser\u00e1 hasta el 21 de septiembre, cuando se proclamen los candidatos definitivos, ya que entre el 17 y el 21 de septiembre se establece un periodo para resolver recursos que se hayan podido presentar.<\/p>\n<p>Por ello, la campa\u00f1a informativa en la que las diferentes candidaturas podr\u00e1n explicar su proyecto para encabezar la lista de la candidatura a la alcald\u00eda de Santander se producir\u00e1 entre el 21 y el 29 de septiembre.<\/p>\n<p><strong>Proceso de primarias de doble vuelta m\u00e1s garantista<\/strong><\/p>\n<p>El secretario de Organizaci\u00f3n del PSOE explica que el proceso de primarias se celebra por el sistema de \u201cdoble vuelta\u201d, \u201chaciendo m\u00e1s democr\u00e1tico y garantista el proceso de primarias\u201d.<\/p>\n<p>En la primera vuelta, ser\u00e1 proclamado como cabeza de lista el candidato o candidata que obtenga m\u00e1s del 50% de los votos v\u00e1lidos. Si hubiera m\u00e1s de dos candidaturas proclamadas y ninguna obtuviera m\u00e1s del 50% de los votos v\u00e1lidos en la primera vuelta, pasar\u00e1n a segunda vuelta las dos candidaturas que obtengan el mayor n\u00famero de votos, en la que resultar\u00e1 proclamado provisionalmente el candidato o candidata que obtenga el mayor n\u00famero de votos.<\/p>\n<p>Finalizada la jornada de votaci\u00f3n y la proclamaci\u00f3n provisional del candidato o candidata a la alcald\u00eda, estos resultados deber\u00e1n ser refrendados por la Comisi\u00f3n Regional de Garant\u00edas Electorales y la Comisi\u00f3n Federal de Garant\u00edas Electorales.<\/p>\n<p>En el caso de que haya solo una jornada de votaci\u00f3n, la proclamaci\u00f3n definitiva ser\u00e1 el 4 de octubre, tras el plazo de recursos; y el caso de que haya una segunda votaci\u00f3n, la proclamaci\u00f3n definitiva ser\u00e1 el 11 de octubre.<\/p>\n<p>Por \u00faltimo, Daniel Fern\u00e1ndez anima a la participaci\u00f3n de la militancia en el proceso para elegir la candidatura a la alcald\u00eda de Santander, \u201cdemostrando una vez m\u00e1s que el PSOE es el partido m\u00e1s democr\u00e1tico de nuestro pa\u00eds\u201d. <\/p>\n","protected":false},"excerpt":{"rendered":"<p>El secretario de Organizaci\u00f3n del PSOE de Santander, Daniel Fern\u00e1ndez, anuncia que se abre el proceso para elegir al candidato o candidata a la alcald\u00eda de Santander. Fern\u00e1ndez explica que las primarias se celebrar\u00e1n el domingo, 30 de septiembre, para las cuales podr\u00e1n presentarse las diferentes precandidaturas entre el 3 y 6 de septiembre, como [&hellip;]<\/p>\n","protected":false},"author":2,"featured_media":1736,"comment_status":"open","ping_status":"open","sticky":false,"template":"","format":"standard","meta":{"tdm_status":"","tdm_grid_status":"","footnotes":""},"categories":[20,16],"tags":[],"class_list":["post-1818","post","type-post","status-publish","format-standard","has-post-thumbnail","hentry","category-santander","category-noticias-santander"],"_links":{"self":[{"href":"https:\/\/www.psc-psoe.es\/index.php\/wp-json\/wp\/v2\/posts\/1818","targetHints":{"allow":["GET"]}}],"collection":[{"href":"https:\/\/www.psc-psoe.es\/index.php\/wp-json\/wp\/v2\/posts"}],"about":[{"href":"https:\/\/www.psc-psoe.es\/index.php\/wp-json\/wp\/v2\/types\/post"}],"author":[{"embeddable":true,"href":"https:\/\/www.psc-psoe.es\/index.php\/wp-json\/wp\/v2\/users\/2"}],"replies":[{"embeddable":true,"href":"https:\/\/www.psc-psoe.es\/index.php\/wp-json\/wp\/v2\/comments?post=1818"}],"version-history":[{"count":0,"href":"https:\/\/www.psc-psoe.es\/index.php\/wp-json\/wp\/v2\/posts\/1818\/revisions"}],"wp:featuredmedia":[{"embeddable":true,"href":"https:\/\/www.psc-psoe.es\/index.php\/wp-json\/wp\/v2\/media\/1736"}],"wp:attachment":[{"href":"https:\/\/www.psc-psoe.es\/index.php\/wp-json\/wp\/v2\/media?parent=1818"}],"wp:term":[{"taxonomy":"category","embeddable":true,"href":"https:\/\/www.psc-psoe.es\/index.php\/wp-json\/wp\/v2\/categories?post=1818"},{"taxonomy":"post_tag","embeddable":true,"href":"https:\/\/www.psc-psoe.es\/index.php\/wp-json\/wp\/v2\/tags?post=1818"}],"curies":[{"name":"wp","href":"https:\/\/api.w.org\/{rel}","templated":true}]}}